{"id":898,"date":"2026-04-24T09:23:27","date_gmt":"2026-04-24T13:23:27","guid":{"rendered":"https:\/\/cssst.gouv.qc.ca\/sainte-victoire\/?p=898"},"modified":"2026-04-24T09:23:28","modified_gmt":"2026-04-24T13:23:28","slug":"matchs-de-series-du-canadien-de-montreal","status":"publish","type":"post","link":"https:\/\/cssst.gouv.qc.ca\/sainte-victoire\/matchs-de-series-du-canadien-de-montreal\/","title":{"rendered":"Matchs de s\u00e9ries du Canadien de Montr\u00e9al"},"content":{"rendered":"\n\n<p class=\"act-lead\"><\/p>\n\n\n\n<div class=\"wp-block-post-date\"><time datetime=\"2026-04-24T09:23:27-04:00\">24 avril 2026<\/time><\/div>\n\n\n<p>Chers parents,<\/p>\n\n\n\n<p>Dans le cadre des matchs de s\u00e9ries du Canadien de Montr\u00e9al, nous invitons les \u00e9l\u00e8ves \u00e0 d\u00e9montrer leur soutien \u00e0 l\u2019\u00e9quipe en portant, lors de chaque match, un chandail du Canadien ou un v\u00eatement de couleur&nbsp;<strong>rouge ou bleue<\/strong>.<\/p>\n\n\n\n<p>Nous vous remercions de bien vouloir rappeler \u00e0 votre enfant de ne pas oublier son chandail les jours concern\u00e9s. Il s\u2019agit d\u2019une belle fa\u00e7on de cr\u00e9er un esprit festif et de rassembler les \u00e9l\u00e8ves autour de leur \u00e9quipe montr\u00e9alaise\u202f!<\/p>\n\n\n\n<p>Merci de votre collaboration et de votre soutien.<\/p>\n\n\n\n<p>Bonne s\u00e9rie \u00e0 tous!<\/p>\n\n\n\n<p>Sign\u00e9&nbsp;: Aiden, S\u00e9bastien et J\u00e9r\u00e9my<\/p>\n","protected":false},"excerpt":{"rendered":"<p>Chers parents, Dans le cadre des matchs de s\u00e9ries du<\/p>\n","protected":false},"author":56,"featured_media":885,"comment_status":"closed","ping_status":"closed","sticky":false,"template":"","format":"standard","meta":{"_acf_changed":false,"inline_featured_image":false,"footnotes":""},"categories":[1],"tags":[],"class_list":["post-898","post","type-post","status-publish","format-standard","has-post-thumbnail","hentry","category-non-classe"],"acf":[],"yoast_head":"<!-- This site is optimized with the Yoast SEO plugin v27.4 - https:\/\/yoast.com\/product\/yoast-seo-wordpress\/ -->\n<title>Matchs de s\u00e9ries du Canadien de Montr\u00e9al - \u00c9cole Sainte-Victoire<\/title>\n<meta name=\"robots\" content=\"index, follow, max-snippet:-1, max-image-preview:large, max-video-preview:-1\" \/>\n<link rel=\"canonical\" href=\"https:\/\/cssst.gouv.qc.ca\/sainte-victoire\/matchs-de-series-du-canadien-de-montreal\/\" \/>\n<meta property=\"og:locale\" content=\"fr_CA\" \/>\n<meta property=\"og:type\" content=\"article\" \/>\n<meta property=\"og:title\" content=\"Matchs de s\u00e9ries du Canadien de Montr\u00e9al - \u00c9cole Sainte-Victoire\" \/>\n<meta property=\"og:description\" content=\"Chers parents, Dans le cadre des matchs de s\u00e9ries du\" \/>\n<meta property=\"og:url\" content=\"https:\/\/cssst.gouv.qc.ca\/sainte-victoire\/matchs-de-series-du-canadien-de-montreal\/\" \/>\n<meta property=\"og:site_name\" content=\"\u00c9cole Sainte-Victoire\" \/>\n<meta property=\"article:published_time\" content=\"2026-04-24T13:23:27+00:00\" \/>\n<meta property=\"article:modified_time\" content=\"2026-04-24T13:23:28+00:00\" \/>\n<meta property=\"og:image\" content=\"http:\/\/cssst.gouv.qc.ca\/sainte-victoire\/wp-content\/uploads\/sites\/15\/2026\/04\/Designer-2-1-1024x683.png\" \/>\n\t<meta property=\"og:image:width\" content=\"1024\" \/>\n\t<meta property=\"og:image:height\" content=\"683\" \/>\n\t<meta property=\"og:image:type\" content=\"image\/png\" \/>\n<meta name=\"author\" content=\"monekenebahakoulacar@cs-soreltracy.qc.ca\" \/>\n<meta name=\"twitter:card\" content=\"summary_large_image\" \/>\n<meta name=\"twitter:label1\" content=\"\u00c9crit par\" \/>\n\t<meta name=\"twitter:data1\" content=\"monekenebahakoulacar@cs-soreltracy.qc.ca\" \/>\n\t<meta name=\"twitter:label2\" content=\"Estimation du temps de lecture\" \/>\n\t<meta name=\"twitter:data2\" content=\"1 minute\" \/>\n<script type=\"application\/ld+json\" class=\"yoast-schema-graph\">{\"@context\":\"https:\\\/\\\/schema.org\",\"@graph\":[{\"@type\":\"Article\",\"@id\":\"https:\\\/\\\/cssst.gouv.qc.ca\\\/sainte-victoire\\\/matchs-de-series-du-canadien-de-montreal\\\/#article\",\"isPartOf\":{\"@id\":\"https:\\\/\\\/cssst.gouv.qc.ca\\\/sainte-victoire\\\/matchs-de-series-du-canadien-de-montreal\\\/\"},\"author\":{\"name\":\"monekenebahakoulacar@cs-soreltracy.qc.ca\",\"@id\":\"https:\\\/\\\/cssst.gouv.qc.ca\\\/sainte-victoire\\\/#\\\/schema\\\/person\\\/1fee0ff53687d26ca0a2ccc6eb928c21\"},\"headline\":\"Matchs de s\u00e9ries du Canadien de Montr\u00e9al\",\"datePublished\":\"2026-04-24T13:23:27+00:00\",\"dateModified\":\"2026-04-24T13:23:28+00:00\",\"mainEntityOfPage\":{\"@id\":\"https:\\\/\\\/cssst.gouv.qc.ca\\\/sainte-victoire\\\/matchs-de-series-du-canadien-de-montreal\\\/\"},\"wordCount\":121,\"image\":{\"@id\":\"https:\\\/\\\/cssst.gouv.qc.ca\\\/sainte-victoire\\\/matchs-de-series-du-canadien-de-montreal\\\/#primaryimage\"},\"thumbnailUrl\":\"https:\\\/\\\/cssst.gouv.qc.ca\\\/sainte-victoire\\\/wp-content\\\/uploads\\\/sites\\\/15\\\/2026\\\/04\\\/Designer-2-1.png\",\"inLanguage\":\"fr-CA\"},{\"@type\":\"WebPage\",\"@id\":\"https:\\\/\\\/cssst.gouv.qc.ca\\\/sainte-victoire\\\/matchs-de-series-du-canadien-de-montreal\\\/\",\"url\":\"https:\\\/\\\/cssst.gouv.qc.ca\\\/sainte-victoire\\\/matchs-de-series-du-canadien-de-montreal\\\/\",\"name\":\"Matchs de s\u00e9ries du Canadien de Montr\u00e9al - \u00c9cole Sainte-Victoire\",\"isPartOf\":{\"@id\":\"https:\\\/\\\/cssst.gouv.qc.ca\\\/sainte-victoire\\\/#website\"},\"primaryImageOfPage\":{\"@id\":\"https:\\\/\\\/cssst.gouv.qc.ca\\\/sainte-victoire\\\/matchs-de-series-du-canadien-de-montreal\\\/#primaryimage\"},\"image\":{\"@id\":\"https:\\\/\\\/cssst.gouv.qc.ca\\\/sainte-victoire\\\/matchs-de-series-du-canadien-de-montreal\\\/#primaryimage\"},\"thumbnailUrl\":\"https:\\\/\\\/cssst.gouv.qc.ca\\\/sainte-victoire\\\/wp-content\\\/uploads\\\/sites\\\/15\\\/2026\\\/04\\\/Designer-2-1.png\",\"datePublished\":\"2026-04-24T13:23:27+00:00\",\"dateModified\":\"2026-04-24T13:23:28+00:00\",\"author\":{\"@id\":\"https:\\\/\\\/cssst.gouv.qc.ca\\\/sainte-victoire\\\/#\\\/schema\\\/person\\\/1fee0ff53687d26ca0a2ccc6eb928c21\"},\"breadcrumb\":{\"@id\":\"https:\\\/\\\/cssst.gouv.qc.ca\\\/sainte-victoire\\\/matchs-de-series-du-canadien-de-montreal\\\/#breadcrumb\"},\"inLanguage\":\"fr-CA\",\"potentialAction\":[{\"@type\":\"ReadAction\",\"target\":[\"https:\\\/\\\/cssst.gouv.qc.ca\\\/sainte-victoire\\\/matchs-de-series-du-canadien-de-montreal\\\/\"]}]},{\"@type\":\"ImageObject\",\"inLanguage\":\"fr-CA\",\"@id\":\"https:\\\/\\\/cssst.gouv.qc.ca\\\/sainte-victoire\\\/matchs-de-series-du-canadien-de-montreal\\\/#primaryimage\",\"url\":\"https:\\\/\\\/cssst.gouv.qc.ca\\\/sainte-victoire\\\/wp-content\\\/uploads\\\/sites\\\/15\\\/2026\\\/04\\\/Designer-2-1.png\",\"contentUrl\":\"https:\\\/\\\/cssst.gouv.qc.ca\\\/sainte-victoire\\\/wp-content\\\/uploads\\\/sites\\\/15\\\/2026\\\/04\\\/Designer-2-1.png\",\"width\":1536,\"height\":1024},{\"@type\":\"BreadcrumbList\",\"@id\":\"https:\\\/\\\/cssst.gouv.qc.ca\\\/sainte-victoire\\\/matchs-de-series-du-canadien-de-montreal\\\/#breadcrumb\",\"itemListElement\":[{\"@type\":\"ListItem\",\"position\":1,\"name\":\"Accueil\",\"item\":\"https:\\\/\\\/cssst.gouv.qc.ca\\\/sainte-victoire\\\/\"},{\"@type\":\"ListItem\",\"position\":2,\"name\":\"Matchs de s\u00e9ries du Canadien de Montr\u00e9al\"}]},{\"@type\":\"WebSite\",\"@id\":\"https:\\\/\\\/cssst.gouv.qc.ca\\\/sainte-victoire\\\/#website\",\"url\":\"https:\\\/\\\/cssst.gouv.qc.ca\\\/sainte-victoire\\\/\",\"name\":\"\u00c9cole Sainte-Victoire\",\"description\":\"\",\"potentialAction\":[{\"@type\":\"SearchAction\",\"target\":{\"@type\":\"EntryPoint\",\"urlTemplate\":\"https:\\\/\\\/cssst.gouv.qc.ca\\\/sainte-victoire\\\/?s={search_term_string}\"},\"query-input\":{\"@type\":\"PropertyValueSpecification\",\"valueRequired\":true,\"valueName\":\"search_term_string\"}}],\"inLanguage\":\"fr-CA\"},{\"@type\":\"Person\",\"@id\":\"https:\\\/\\\/cssst.gouv.qc.ca\\\/sainte-victoire\\\/#\\\/schema\\\/person\\\/1fee0ff53687d26ca0a2ccc6eb928c21\",\"name\":\"monekenebahakoulacar@cs-soreltracy.qc.ca\",\"image\":{\"@type\":\"ImageObject\",\"inLanguage\":\"fr-CA\",\"@id\":\"https:\\\/\\\/secure.gravatar.com\\\/avatar\\\/72b40fbd7e3ae1d33b007fc1cceff6ec4ee8a51e839307f434de2b493407c010?s=96&d=mm&r=g\",\"url\":\"https:\\\/\\\/secure.gravatar.com\\\/avatar\\\/72b40fbd7e3ae1d33b007fc1cceff6ec4ee8a51e839307f434de2b493407c010?s=96&d=mm&r=g\",\"contentUrl\":\"https:\\\/\\\/secure.gravatar.com\\\/avatar\\\/72b40fbd7e3ae1d33b007fc1cceff6ec4ee8a51e839307f434de2b493407c010?s=96&d=mm&r=g\",\"caption\":\"monekenebahakoulacar@cs-soreltracy.qc.ca\"}}]}<\/script>\n<!-- \/ Yoast SEO plugin. -->","yoast_head_json":{"title":"Matchs de s\u00e9ries du Canadien de Montr\u00e9al - \u00c9cole Sainte-Victoire","robots":{"index":"index","follow":"follow","max-snippet":"max-snippet:-1","max-image-preview":"max-image-preview:large","max-video-preview":"max-video-preview:-1"},"canonical":"https:\/\/cssst.gouv.qc.ca\/sainte-victoire\/matchs-de-series-du-canadien-de-montreal\/","og_locale":"fr_CA","og_type":"article","og_title":"Matchs de s\u00e9ries du Canadien de Montr\u00e9al - \u00c9cole Sainte-Victoire","og_description":"Chers parents, Dans le cadre des matchs de s\u00e9ries du","og_url":"https:\/\/cssst.gouv.qc.ca\/sainte-victoire\/matchs-de-series-du-canadien-de-montreal\/","og_site_name":"\u00c9cole Sainte-Victoire","article_published_time":"2026-04-24T13:23:27+00:00","article_modified_time":"2026-04-24T13:23:28+00:00","og_image":[{"width":1024,"height":683,"url":"http:\/\/cssst.gouv.qc.ca\/sainte-victoire\/wp-content\/uploads\/sites\/15\/2026\/04\/Designer-2-1-1024x683.png","type":"image\/png"}],"author":"monekenebahakoulacar@cs-soreltracy.qc.ca","twitter_card":"summary_large_image","twitter_misc":{"\u00c9crit par":"monekenebahakoulacar@cs-soreltracy.qc.ca","Estimation du temps de lecture":"1 minute"},"schema":{"@context":"https:\/\/schema.org","@graph":[{"@type":"Article","@id":"https:\/\/cssst.gouv.qc.ca\/sainte-victoire\/matchs-de-series-du-canadien-de-montreal\/#article","isPartOf":{"@id":"https:\/\/cssst.gouv.qc.ca\/sainte-victoire\/matchs-de-series-du-canadien-de-montreal\/"},"author":{"name":"monekenebahakoulacar@cs-soreltracy.qc.ca","@id":"https:\/\/cssst.gouv.qc.ca\/sainte-victoire\/#\/schema\/person\/1fee0ff53687d26ca0a2ccc6eb928c21"},"headline":"Matchs de s\u00e9ries du Canadien de Montr\u00e9al","datePublished":"2026-04-24T13:23:27+00:00","dateModified":"2026-04-24T13:23:28+00:00","mainEntityOfPage":{"@id":"https:\/\/cssst.gouv.qc.ca\/sainte-victoire\/matchs-de-series-du-canadien-de-montreal\/"},"wordCount":121,"image":{"@id":"https:\/\/cssst.gouv.qc.ca\/sainte-victoire\/matchs-de-series-du-canadien-de-montreal\/#primaryimage"},"thumbnailUrl":"https:\/\/cssst.gouv.qc.ca\/sainte-victoire\/wp-content\/uploads\/sites\/15\/2026\/04\/Designer-2-1.png","inLanguage":"fr-CA"},{"@type":"WebPage","@id":"https:\/\/cssst.gouv.qc.ca\/sainte-victoire\/matchs-de-series-du-canadien-de-montreal\/","url":"https:\/\/cssst.gouv.qc.ca\/sainte-victoire\/matchs-de-series-du-canadien-de-montreal\/","name":"Matchs de s\u00e9ries du Canadien de Montr\u00e9al - \u00c9cole Sainte-Victoire","isPartOf":{"@id":"https:\/\/cssst.gouv.qc.ca\/sainte-victoire\/#website"},"primaryImageOfPage":{"@id":"https:\/\/cssst.gouv.qc.ca\/sainte-victoire\/matchs-de-series-du-canadien-de-montreal\/#primaryimage"},"image":{"@id":"https:\/\/cssst.gouv.qc.ca\/sainte-victoire\/matchs-de-series-du-canadien-de-montreal\/#primaryimage"},"thumbnailUrl":"https:\/\/cssst.gouv.qc.ca\/sainte-victoire\/wp-content\/uploads\/sites\/15\/2026\/04\/Designer-2-1.png","datePublished":"2026-04-24T13:23:27+00:00","dateModified":"2026-04-24T13:23:28+00:00","author":{"@id":"https:\/\/cssst.gouv.qc.ca\/sainte-victoire\/#\/schema\/person\/1fee0ff53687d26ca0a2ccc6eb928c21"},"breadcrumb":{"@id":"https:\/\/cssst.gouv.qc.ca\/sainte-victoire\/matchs-de-series-du-canadien-de-montreal\/#breadcrumb"},"inLanguage":"fr-CA","potentialAction":[{"@type":"ReadAction","target":["https:\/\/cssst.gouv.qc.ca\/sainte-victoire\/matchs-de-series-du-canadien-de-montreal\/"]}]},{"@type":"ImageObject","inLanguage":"fr-CA","@id":"https:\/\/cssst.gouv.qc.ca\/sainte-victoire\/matchs-de-series-du-canadien-de-montreal\/#primaryimage","url":"https:\/\/cssst.gouv.qc.ca\/sainte-victoire\/wp-content\/uploads\/sites\/15\/2026\/04\/Designer-2-1.png","contentUrl":"https:\/\/cssst.gouv.qc.ca\/sainte-victoire\/wp-content\/uploads\/sites\/15\/2026\/04\/Designer-2-1.png","width":1536,"height":1024},{"@type":"BreadcrumbList","@id":"https:\/\/cssst.gouv.qc.ca\/sainte-victoire\/matchs-de-series-du-canadien-de-montreal\/#breadcrumb","itemListElement":[{"@type":"ListItem","position":1,"name":"Accueil","item":"https:\/\/cssst.gouv.qc.ca\/sainte-victoire\/"},{"@type":"ListItem","position":2,"name":"Matchs de s\u00e9ries du Canadien de Montr\u00e9al"}]},{"@type":"WebSite","@id":"https:\/\/cssst.gouv.qc.ca\/sainte-victoire\/#website","url":"https:\/\/cssst.gouv.qc.ca\/sainte-victoire\/","name":"\u00c9cole Sainte-Victoire","description":"","potentialAction":[{"@type":"SearchAction","target":{"@type":"EntryPoint","urlTemplate":"https:\/\/cssst.gouv.qc.ca\/sainte-victoire\/?s={search_term_string}"},"query-input":{"@type":"PropertyValueSpecification","valueRequired":true,"valueName":"search_term_string"}}],"inLanguage":"fr-CA"},{"@type":"Person","@id":"https:\/\/cssst.gouv.qc.ca\/sainte-victoire\/#\/schema\/person\/1fee0ff53687d26ca0a2ccc6eb928c21","name":"monekenebahakoulacar@cs-soreltracy.qc.ca","image":{"@type":"ImageObject","inLanguage":"fr-CA","@id":"https:\/\/secure.gravatar.com\/avatar\/72b40fbd7e3ae1d33b007fc1cceff6ec4ee8a51e839307f434de2b493407c010?s=96&d=mm&r=g","url":"https:\/\/secure.gravatar.com\/avatar\/72b40fbd7e3ae1d33b007fc1cceff6ec4ee8a51e839307f434de2b493407c010?s=96&d=mm&r=g","contentUrl":"https:\/\/secure.gravatar.com\/avatar\/72b40fbd7e3ae1d33b007fc1cceff6ec4ee8a51e839307f434de2b493407c010?s=96&d=mm&r=g","caption":"monekenebahakoulacar@cs-soreltracy.qc.ca"}}]}},"_links":{"self":[{"href":"https:\/\/cssst.gouv.qc.ca\/sainte-victoire\/wp-json\/wp\/v2\/posts\/898","targetHints":{"allow":["GET"]}}],"collection":[{"href":"https:\/\/cssst.gouv.qc.ca\/sainte-victoire\/wp-json\/wp\/v2\/posts"}],"about":[{"href":"https:\/\/cssst.gouv.qc.ca\/sainte-victoire\/wp-json\/wp\/v2\/types\/post"}],"author":[{"embeddable":true,"href":"https:\/\/cssst.gouv.qc.ca\/sainte-victoire\/wp-json\/wp\/v2\/users\/56"}],"replies":[{"embeddable":true,"href":"https:\/\/cssst.gouv.qc.ca\/sainte-victoire\/wp-json\/wp\/v2\/comments?post=898"}],"version-history":[{"count":0,"href":"https:\/\/cssst.gouv.qc.ca\/sainte-victoire\/wp-json\/wp\/v2\/posts\/898\/revisions"}],"wp:featuredmedia":[{"embeddable":true,"href":"https:\/\/cssst.gouv.qc.ca\/sainte-victoire\/wp-json\/wp\/v2\/media\/885"}],"wp:attachment":[{"href":"https:\/\/cssst.gouv.qc.ca\/sainte-victoire\/wp-json\/wp\/v2\/media?parent=898"}],"wp:term":[{"taxonomy":"category","embeddable":true,"href":"https:\/\/cssst.gouv.qc.ca\/sainte-victoire\/wp-json\/wp\/v2\/categories?post=898"},{"taxonomy":"post_tag","embeddable":true,"href":"https:\/\/cssst.gouv.qc.ca\/sainte-victoire\/wp-json\/wp\/v2\/tags?post=898"}],"curies":[{"name":"wp","href":"https:\/\/api.w.org\/{rel}","templated":true}]}}