{"id":871,"date":"2025-09-23T11:08:28","date_gmt":"2025-09-23T15:08:28","guid":{"rendered":"https:\/\/cssst.gouv.qc.ca\/pierre-de-saint-ours\/?p=871"},"modified":"2025-10-01T14:23:45","modified_gmt":"2025-10-01T18:23:45","slug":"collations-sante-2025-2026","status":"publish","type":"post","link":"https:\/\/cssst.gouv.qc.ca\/pierre-de-saint-ours\/collations-sante-2025-2026\/","title":{"rendered":"Collations sant\u00e9 2025-2026"},"content":{"rendered":"\n<p><\/p>\n\n\n\n<p>L\u2019\u00e9cole, en collaboration avec l\u2019\u00e9picerie Arpin, offre aux \u00e9l\u00e8ves une collation sant\u00e9. Pour chaque collation, votre \u00e9l\u00e8ve aura le choix entre deux fruits ainsi que deux produits laitiers. Les allergies et les intol\u00e9rances alimentaires sont prises en consid\u00e9ration.<\/p>\n\n\n\n<p><br>La journ\u00e9e de la distribution, vous n\u2019avez donc pas \u00e0 fournir une collation pour le matin \u00e0 votre enfant. Il est important de noter les dates puisque lors des activit\u00e9s sp\u00e9ciales, la collation sera report\u00e9e.<br>Voici les dates de remise des collations \u00e0 noter \u00e0 votre agenda :<\/p>\n\n\n\n<p><br>\u2022 2, 9, 16, 23 et 30 octobre 2025<br>\u2022 6, 13, 20 et 27 novembre 2025<br>\u2022 4 et 11 d\u00e9cembre 2025<br>\u2022 8, 15, 22 et 29 janvier 2026<br>\u2022 5, 12, 19 et 26 f\u00e9vrier 2026<br>\u2022 12, 19 et 26 mars 2026<br>\u2022 9, 16, 23 et 30 avril 2026<br>\u2022 7, 14, 21 et 28 mai 2026<br>\u2022 4 et 11 juin 2026<\/p>\n\n\n\n<p><br>Si vous avez des questions, n\u2019h\u00e9sitez pas \u00e0 nous joindre au 450 746-3512, poste 3, ou par courriel au secr.pstours@cs-soreltracy.qc.ca. Merci et bonne journ\u00e9e<\/p>\n\n\n\n<p><\/p>\n","protected":false},"excerpt":{"rendered":"<p>L\u2019\u00e9cole, en collaboration avec l\u2019\u00e9picerie Arpin, offre aux \u00e9l\u00e8ves une<\/p>\n","protected":false},"author":13,"featured_media":348,"comment_status":"closed","ping_status":"closed","sticky":false,"template":"","format":"standard","meta":{"_acf_changed":false,"inline_featured_image":false,"footnotes":""},"categories":[1],"tags":[],"class_list":["post-871","post","type-post","status-publish","format-standard","has-post-thumbnail","hentry","category-non-classe"],"acf":[],"yoast_head":"<!-- This site is optimized with the Yoast SEO plugin v27.5 - https:\/\/yoast.com\/product\/yoast-seo-wordpress\/ -->\n<title>Collations sant\u00e9 2025-2026 - \u00c9cole Pierre-de-Saint-Ours<\/title>\n<meta name=\"robots\" content=\"index, follow, max-snippet:-1, max-image-preview:large, max-video-preview:-1\" \/>\n<link rel=\"canonical\" href=\"https:\/\/cssst.gouv.qc.ca\/pierre-de-saint-ours\/collations-sante-2025-2026\/\" \/>\n<meta property=\"og:locale\" content=\"fr_CA\" \/>\n<meta property=\"og:type\" content=\"article\" \/>\n<meta property=\"og:title\" content=\"Collations sant\u00e9 2025-2026 - \u00c9cole Pierre-de-Saint-Ours\" \/>\n<meta property=\"og:description\" content=\"L\u2019\u00e9cole, en collaboration avec l\u2019\u00e9picerie Arpin, offre aux \u00e9l\u00e8ves une\" \/>\n<meta property=\"og:url\" content=\"https:\/\/cssst.gouv.qc.ca\/pierre-de-saint-ours\/collations-sante-2025-2026\/\" \/>\n<meta property=\"og:site_name\" content=\"\u00c9cole Pierre-de-Saint-Ours\" \/>\n<meta property=\"article:publisher\" content=\"https:\/\/www.facebook.com\/cssoreltracy\/?locale=fr_CA\" \/>\n<meta property=\"article:published_time\" content=\"2025-09-23T15:08:28+00:00\" \/>\n<meta property=\"article:modified_time\" content=\"2025-10-01T18:23:45+00:00\" \/>\n<meta property=\"og:image\" content=\"http:\/\/cssst.gouv.qc.ca\/pierre-de-saint-ours\/wp-content\/uploads\/sites\/13\/2024\/09\/logo-PSO_FINAL-scaled.jpg\" \/>\n\t<meta property=\"og:image:width\" content=\"2560\" \/>\n\t<meta property=\"og:image:height\" content=\"2369\" \/>\n\t<meta property=\"og:image:type\" content=\"image\/jpeg\" \/>\n<meta name=\"author\" content=\"paulcar@cs-soreltracy.qc.ca\" \/>\n<meta name=\"twitter:card\" content=\"summary_large_image\" \/>\n<meta name=\"twitter:label1\" content=\"\u00c9crit par\" \/>\n\t<meta name=\"twitter:data1\" content=\"paulcar@cs-soreltracy.qc.ca\" \/>\n\t<meta name=\"twitter:label2\" content=\"Estimation du temps de lecture\" \/>\n\t<meta name=\"twitter:data2\" content=\"2 minutes\" \/>\n<script type=\"application\/ld+json\" class=\"yoast-schema-graph\">{\"@context\":\"https:\\\/\\\/schema.org\",\"@graph\":[{\"@type\":\"Article\",\"@id\":\"https:\\\/\\\/cssst.gouv.qc.ca\\\/pierre-de-saint-ours\\\/collations-sante-2025-2026\\\/#article\",\"isPartOf\":{\"@id\":\"https:\\\/\\\/cssst.gouv.qc.ca\\\/pierre-de-saint-ours\\\/collations-sante-2025-2026\\\/\"},\"author\":{\"name\":\"paulcar@cs-soreltracy.qc.ca\",\"@id\":\"https:\\\/\\\/cssst.gouv.qc.ca\\\/pierre-de-saint-ours\\\/#\\\/schema\\\/person\\\/e149e210a9ff7e26212357948e9104ef\"},\"headline\":\"Collations sant\u00e9 2025-2026\",\"datePublished\":\"2025-09-23T15:08:28+00:00\",\"dateModified\":\"2025-10-01T18:23:45+00:00\",\"mainEntityOfPage\":{\"@id\":\"https:\\\/\\\/cssst.gouv.qc.ca\\\/pierre-de-saint-ours\\\/collations-sante-2025-2026\\\/\"},\"wordCount\":143,\"image\":{\"@id\":\"https:\\\/\\\/cssst.gouv.qc.ca\\\/pierre-de-saint-ours\\\/collations-sante-2025-2026\\\/#primaryimage\"},\"thumbnailUrl\":\"https:\\\/\\\/cssst.gouv.qc.ca\\\/pierre-de-saint-ours\\\/wp-content\\\/uploads\\\/sites\\\/13\\\/2024\\\/09\\\/logo-PSO_FINAL-scaled.jpg\",\"inLanguage\":\"fr-CA\"},{\"@type\":\"WebPage\",\"@id\":\"https:\\\/\\\/cssst.gouv.qc.ca\\\/pierre-de-saint-ours\\\/collations-sante-2025-2026\\\/\",\"url\":\"https:\\\/\\\/cssst.gouv.qc.ca\\\/pierre-de-saint-ours\\\/collations-sante-2025-2026\\\/\",\"name\":\"Collations sant\u00e9 2025-2026 - \u00c9cole Pierre-de-Saint-Ours\",\"isPartOf\":{\"@id\":\"https:\\\/\\\/cssst.gouv.qc.ca\\\/pierre-de-saint-ours\\\/#website\"},\"primaryImageOfPage\":{\"@id\":\"https:\\\/\\\/cssst.gouv.qc.ca\\\/pierre-de-saint-ours\\\/collations-sante-2025-2026\\\/#primaryimage\"},\"image\":{\"@id\":\"https:\\\/\\\/cssst.gouv.qc.ca\\\/pierre-de-saint-ours\\\/collations-sante-2025-2026\\\/#primaryimage\"},\"thumbnailUrl\":\"https:\\\/\\\/cssst.gouv.qc.ca\\\/pierre-de-saint-ours\\\/wp-content\\\/uploads\\\/sites\\\/13\\\/2024\\\/09\\\/logo-PSO_FINAL-scaled.jpg\",\"datePublished\":\"2025-09-23T15:08:28+00:00\",\"dateModified\":\"2025-10-01T18:23:45+00:00\",\"author\":{\"@id\":\"https:\\\/\\\/cssst.gouv.qc.ca\\\/pierre-de-saint-ours\\\/#\\\/schema\\\/person\\\/e149e210a9ff7e26212357948e9104ef\"},\"breadcrumb\":{\"@id\":\"https:\\\/\\\/cssst.gouv.qc.ca\\\/pierre-de-saint-ours\\\/collations-sante-2025-2026\\\/#breadcrumb\"},\"inLanguage\":\"fr-CA\",\"potentialAction\":[{\"@type\":\"ReadAction\",\"target\":[\"https:\\\/\\\/cssst.gouv.qc.ca\\\/pierre-de-saint-ours\\\/collations-sante-2025-2026\\\/\"]}]},{\"@type\":\"ImageObject\",\"inLanguage\":\"fr-CA\",\"@id\":\"https:\\\/\\\/cssst.gouv.qc.ca\\\/pierre-de-saint-ours\\\/collations-sante-2025-2026\\\/#primaryimage\",\"url\":\"https:\\\/\\\/cssst.gouv.qc.ca\\\/pierre-de-saint-ours\\\/wp-content\\\/uploads\\\/sites\\\/13\\\/2024\\\/09\\\/logo-PSO_FINAL-scaled.jpg\",\"contentUrl\":\"https:\\\/\\\/cssst.gouv.qc.ca\\\/pierre-de-saint-ours\\\/wp-content\\\/uploads\\\/sites\\\/13\\\/2024\\\/09\\\/logo-PSO_FINAL-scaled.jpg\",\"width\":2560,\"height\":2369},{\"@type\":\"BreadcrumbList\",\"@id\":\"https:\\\/\\\/cssst.gouv.qc.ca\\\/pierre-de-saint-ours\\\/collations-sante-2025-2026\\\/#breadcrumb\",\"itemListElement\":[{\"@type\":\"ListItem\",\"position\":1,\"name\":\"Accueil\",\"item\":\"https:\\\/\\\/cssst.gouv.qc.ca\\\/pierre-de-saint-ours\\\/\"},{\"@type\":\"ListItem\",\"position\":2,\"name\":\"Collations sant\u00e9 2025-2026\"}]},{\"@type\":\"WebSite\",\"@id\":\"https:\\\/\\\/cssst.gouv.qc.ca\\\/pierre-de-saint-ours\\\/#website\",\"url\":\"https:\\\/\\\/cssst.gouv.qc.ca\\\/pierre-de-saint-ours\\\/\",\"name\":\"\u00c9cole Pierre-de-Saint-Ours\",\"description\":\"\",\"potentialAction\":[{\"@type\":\"SearchAction\",\"target\":{\"@type\":\"EntryPoint\",\"urlTemplate\":\"https:\\\/\\\/cssst.gouv.qc.ca\\\/pierre-de-saint-ours\\\/?s={search_term_string}\"},\"query-input\":{\"@type\":\"PropertyValueSpecification\",\"valueRequired\":true,\"valueName\":\"search_term_string\"}}],\"inLanguage\":\"fr-CA\"},{\"@type\":\"Person\",\"@id\":\"https:\\\/\\\/cssst.gouv.qc.ca\\\/pierre-de-saint-ours\\\/#\\\/schema\\\/person\\\/e149e210a9ff7e26212357948e9104ef\",\"name\":\"paulcar@cs-soreltracy.qc.ca\",\"image\":{\"@type\":\"ImageObject\",\"inLanguage\":\"fr-CA\",\"@id\":\"https:\\\/\\\/secure.gravatar.com\\\/avatar\\\/1678c6c626381587c493cf8fa2f9e86d55deee04d5c6eefc699b6ff8ed7a35fe?s=96&d=mm&r=g\",\"url\":\"https:\\\/\\\/secure.gravatar.com\\\/avatar\\\/1678c6c626381587c493cf8fa2f9e86d55deee04d5c6eefc699b6ff8ed7a35fe?s=96&d=mm&r=g\",\"contentUrl\":\"https:\\\/\\\/secure.gravatar.com\\\/avatar\\\/1678c6c626381587c493cf8fa2f9e86d55deee04d5c6eefc699b6ff8ed7a35fe?s=96&d=mm&r=g\",\"caption\":\"paulcar@cs-soreltracy.qc.ca\"}}]}<\/script>\n<!-- \/ Yoast SEO plugin. -->","yoast_head_json":{"title":"Collations sant\u00e9 2025-2026 - \u00c9cole Pierre-de-Saint-Ours","robots":{"index":"index","follow":"follow","max-snippet":"max-snippet:-1","max-image-preview":"max-image-preview:large","max-video-preview":"max-video-preview:-1"},"canonical":"https:\/\/cssst.gouv.qc.ca\/pierre-de-saint-ours\/collations-sante-2025-2026\/","og_locale":"fr_CA","og_type":"article","og_title":"Collations sant\u00e9 2025-2026 - \u00c9cole Pierre-de-Saint-Ours","og_description":"L\u2019\u00e9cole, en collaboration avec l\u2019\u00e9picerie Arpin, offre aux \u00e9l\u00e8ves une","og_url":"https:\/\/cssst.gouv.qc.ca\/pierre-de-saint-ours\/collations-sante-2025-2026\/","og_site_name":"\u00c9cole Pierre-de-Saint-Ours","article_publisher":"https:\/\/www.facebook.com\/cssoreltracy\/?locale=fr_CA","article_published_time":"2025-09-23T15:08:28+00:00","article_modified_time":"2025-10-01T18:23:45+00:00","og_image":[{"width":2560,"height":2369,"url":"http:\/\/cssst.gouv.qc.ca\/pierre-de-saint-ours\/wp-content\/uploads\/sites\/13\/2024\/09\/logo-PSO_FINAL-scaled.jpg","type":"image\/jpeg"}],"author":"paulcar@cs-soreltracy.qc.ca","twitter_card":"summary_large_image","twitter_misc":{"\u00c9crit par":"paulcar@cs-soreltracy.qc.ca","Estimation du temps de lecture":"2 minutes"},"schema":{"@context":"https:\/\/schema.org","@graph":[{"@type":"Article","@id":"https:\/\/cssst.gouv.qc.ca\/pierre-de-saint-ours\/collations-sante-2025-2026\/#article","isPartOf":{"@id":"https:\/\/cssst.gouv.qc.ca\/pierre-de-saint-ours\/collations-sante-2025-2026\/"},"author":{"name":"paulcar@cs-soreltracy.qc.ca","@id":"https:\/\/cssst.gouv.qc.ca\/pierre-de-saint-ours\/#\/schema\/person\/e149e210a9ff7e26212357948e9104ef"},"headline":"Collations sant\u00e9 2025-2026","datePublished":"2025-09-23T15:08:28+00:00","dateModified":"2025-10-01T18:23:45+00:00","mainEntityOfPage":{"@id":"https:\/\/cssst.gouv.qc.ca\/pierre-de-saint-ours\/collations-sante-2025-2026\/"},"wordCount":143,"image":{"@id":"https:\/\/cssst.gouv.qc.ca\/pierre-de-saint-ours\/collations-sante-2025-2026\/#primaryimage"},"thumbnailUrl":"https:\/\/cssst.gouv.qc.ca\/pierre-de-saint-ours\/wp-content\/uploads\/sites\/13\/2024\/09\/logo-PSO_FINAL-scaled.jpg","inLanguage":"fr-CA"},{"@type":"WebPage","@id":"https:\/\/cssst.gouv.qc.ca\/pierre-de-saint-ours\/collations-sante-2025-2026\/","url":"https:\/\/cssst.gouv.qc.ca\/pierre-de-saint-ours\/collations-sante-2025-2026\/","name":"Collations sant\u00e9 2025-2026 - \u00c9cole Pierre-de-Saint-Ours","isPartOf":{"@id":"https:\/\/cssst.gouv.qc.ca\/pierre-de-saint-ours\/#website"},"primaryImageOfPage":{"@id":"https:\/\/cssst.gouv.qc.ca\/pierre-de-saint-ours\/collations-sante-2025-2026\/#primaryimage"},"image":{"@id":"https:\/\/cssst.gouv.qc.ca\/pierre-de-saint-ours\/collations-sante-2025-2026\/#primaryimage"},"thumbnailUrl":"https:\/\/cssst.gouv.qc.ca\/pierre-de-saint-ours\/wp-content\/uploads\/sites\/13\/2024\/09\/logo-PSO_FINAL-scaled.jpg","datePublished":"2025-09-23T15:08:28+00:00","dateModified":"2025-10-01T18:23:45+00:00","author":{"@id":"https:\/\/cssst.gouv.qc.ca\/pierre-de-saint-ours\/#\/schema\/person\/e149e210a9ff7e26212357948e9104ef"},"breadcrumb":{"@id":"https:\/\/cssst.gouv.qc.ca\/pierre-de-saint-ours\/collations-sante-2025-2026\/#breadcrumb"},"inLanguage":"fr-CA","potentialAction":[{"@type":"ReadAction","target":["https:\/\/cssst.gouv.qc.ca\/pierre-de-saint-ours\/collations-sante-2025-2026\/"]}]},{"@type":"ImageObject","inLanguage":"fr-CA","@id":"https:\/\/cssst.gouv.qc.ca\/pierre-de-saint-ours\/collations-sante-2025-2026\/#primaryimage","url":"https:\/\/cssst.gouv.qc.ca\/pierre-de-saint-ours\/wp-content\/uploads\/sites\/13\/2024\/09\/logo-PSO_FINAL-scaled.jpg","contentUrl":"https:\/\/cssst.gouv.qc.ca\/pierre-de-saint-ours\/wp-content\/uploads\/sites\/13\/2024\/09\/logo-PSO_FINAL-scaled.jpg","width":2560,"height":2369},{"@type":"BreadcrumbList","@id":"https:\/\/cssst.gouv.qc.ca\/pierre-de-saint-ours\/collations-sante-2025-2026\/#breadcrumb","itemListElement":[{"@type":"ListItem","position":1,"name":"Accueil","item":"https:\/\/cssst.gouv.qc.ca\/pierre-de-saint-ours\/"},{"@type":"ListItem","position":2,"name":"Collations sant\u00e9 2025-2026"}]},{"@type":"WebSite","@id":"https:\/\/cssst.gouv.qc.ca\/pierre-de-saint-ours\/#website","url":"https:\/\/cssst.gouv.qc.ca\/pierre-de-saint-ours\/","name":"\u00c9cole Pierre-de-Saint-Ours","description":"","potentialAction":[{"@type":"SearchAction","target":{"@type":"EntryPoint","urlTemplate":"https:\/\/cssst.gouv.qc.ca\/pierre-de-saint-ours\/?s={search_term_string}"},"query-input":{"@type":"PropertyValueSpecification","valueRequired":true,"valueName":"search_term_string"}}],"inLanguage":"fr-CA"},{"@type":"Person","@id":"https:\/\/cssst.gouv.qc.ca\/pierre-de-saint-ours\/#\/schema\/person\/e149e210a9ff7e26212357948e9104ef","name":"paulcar@cs-soreltracy.qc.ca","image":{"@type":"ImageObject","inLanguage":"fr-CA","@id":"https:\/\/secure.gravatar.com\/avatar\/1678c6c626381587c493cf8fa2f9e86d55deee04d5c6eefc699b6ff8ed7a35fe?s=96&d=mm&r=g","url":"https:\/\/secure.gravatar.com\/avatar\/1678c6c626381587c493cf8fa2f9e86d55deee04d5c6eefc699b6ff8ed7a35fe?s=96&d=mm&r=g","contentUrl":"https:\/\/secure.gravatar.com\/avatar\/1678c6c626381587c493cf8fa2f9e86d55deee04d5c6eefc699b6ff8ed7a35fe?s=96&d=mm&r=g","caption":"paulcar@cs-soreltracy.qc.ca"}}]}},"_links":{"self":[{"href":"https:\/\/cssst.gouv.qc.ca\/pierre-de-saint-ours\/wp-json\/wp\/v2\/posts\/871","targetHints":{"allow":["GET"]}}],"collection":[{"href":"https:\/\/cssst.gouv.qc.ca\/pierre-de-saint-ours\/wp-json\/wp\/v2\/posts"}],"about":[{"href":"https:\/\/cssst.gouv.qc.ca\/pierre-de-saint-ours\/wp-json\/wp\/v2\/types\/post"}],"author":[{"embeddable":true,"href":"https:\/\/cssst.gouv.qc.ca\/pierre-de-saint-ours\/wp-json\/wp\/v2\/users\/13"}],"replies":[{"embeddable":true,"href":"https:\/\/cssst.gouv.qc.ca\/pierre-de-saint-ours\/wp-json\/wp\/v2\/comments?post=871"}],"version-history":[{"count":0,"href":"https:\/\/cssst.gouv.qc.ca\/pierre-de-saint-ours\/wp-json\/wp\/v2\/posts\/871\/revisions"}],"wp:featuredmedia":[{"embeddable":true,"href":"https:\/\/cssst.gouv.qc.ca\/pierre-de-saint-ours\/wp-json\/wp\/v2\/media\/348"}],"wp:attachment":[{"href":"https:\/\/cssst.gouv.qc.ca\/pierre-de-saint-ours\/wp-json\/wp\/v2\/media?parent=871"}],"wp:term":[{"taxonomy":"category","embeddable":true,"href":"https:\/\/cssst.gouv.qc.ca\/pierre-de-saint-ours\/wp-json\/wp\/v2\/categories?post=871"},{"taxonomy":"post_tag","embeddable":true,"href":"https:\/\/cssst.gouv.qc.ca\/pierre-de-saint-ours\/wp-json\/wp\/v2\/tags?post=871"}],"curies":[{"name":"wp","href":"https:\/\/api.w.org\/{rel}","templated":true}]}}