{"id":1338,"date":"2026-03-24T11:07:45","date_gmt":"2026-03-24T15:07:45","guid":{"rendered":"https:\/\/cssst.gouv.qc.ca\/pierre-de-saint-ours\/?p=1338"},"modified":"2026-03-24T11:08:01","modified_gmt":"2026-03-24T15:08:01","slug":"semaine-de-prevention-de-la-violence-et-de-lintimidation-dans-les-ecoles","status":"publish","type":"post","link":"https:\/\/cssst.gouv.qc.ca\/pierre-de-saint-ours\/semaine-de-prevention-de-la-violence-et-de-lintimidation-dans-les-ecoles\/","title":{"rendered":"Semaine de pr\u00e9vention de la violence et de l\u2019intimidation dans les \u00e9coles"},"content":{"rendered":"\n\n<p class=\"act-lead\">Du 23 au 27 mars 2026<\/p>\n\n\n\n\n<p>Chers parents,<\/p>\n\n\n\n<p>Du 23 au 27 mars, notre \u00e9cole soulignera la Semaine de pr\u00e9vention de la violence et de l\u2019intimidation dans les \u00e9coles (voir programmation). Cette semaine vise \u00e0 sensibiliser les \u00e9l\u00e8ves \u00e0 l\u2019importance de relations respectueuses, bienveillantes et exemptes d\u2019intimidation.<\/p>\n\n\n\n<p>Tout au long de la semaine, diff\u00e9rentes activit\u00e9s p\u00e9dagogiques, discussions en classe et ateliers seront propos\u00e9s aux \u00e9l\u00e8ves afin de :<\/p>\n\n\n\n<p>\u2022 d\u00e9velopper leurs habilet\u00e9s sociales et leur empathie;<br>\u2022 mieux comprendre ce qu\u2019est l\u2019intimidation et comment la pr\u00e9venir;<br>\u2022 apprendre des strat\u00e9gies concr\u00e8tes pour r\u00e9gler pacifiquement les conflits;<br>\u2022 renforcer le climat positif et s\u00e9curitaire de notre \u00e9cole.<\/p>\n\n\n\n<p>Nous croyons que la collaboration entre l\u2019\u00e9cole et les familles est essentielle pour soutenir les jeunes dans leurs interactions quotidiennes. Nous vous invitons donc \u00e0 discuter avec votre enfant de ce qu\u2019il vivra durant cette semaine et \u00e0 l\u2019encourager \u00e0 adopter des comportements respectueux et inclusifs.<\/p>\n\n\n\n<p>Ensemble, nous pouvons contribuer \u00e0 cr\u00e9er un environnement o\u00f9 chaque \u00e9l\u00e8ve se sent en s\u00e9curit\u00e9, accept\u00e9 et soutenu.<\/p>\n\n\n\n<p>Merci de votre pr\u00e9cieuse collaboration.<br>Christian Bourbeau | directeur<\/p>\n\n\n\n<p>\u00c9cole Pierre-de-Saint-Ours<br>(450) 746-3512, poste 3210<\/p>\n\n\n\n<p>\u00c9cole Sainte-Victoire<br>(450) 746-3511, poste 2210<\/p>\n\n\n\n<p><\/p>\n\n\n\n<figure class=\"wp-block-image size-large\"><img loading=\"lazy\" decoding=\"async\" width=\"1024\" height=\"655\" src=\"https:\/\/cssst.gouv.qc.ca\/pierre-de-saint-ours\/wp-content\/uploads\/sites\/13\/2026\/03\/Capture-decran-2026-03-24-105817-1024x655.jpg\" alt=\"\" class=\"wp-image-1339\" srcset=\"https:\/\/cssst.gouv.qc.ca\/pierre-de-saint-ours\/wp-content\/uploads\/sites\/13\/2026\/03\/Capture-decran-2026-03-24-105817-1024x655.jpg 1024w, https:\/\/cssst.gouv.qc.ca\/pierre-de-saint-ours\/wp-content\/uploads\/sites\/13\/2026\/03\/Capture-decran-2026-03-24-105817-300x192.jpg 300w, https:\/\/cssst.gouv.qc.ca\/pierre-de-saint-ours\/wp-content\/uploads\/sites\/13\/2026\/03\/Capture-decran-2026-03-24-105817-768x491.jpg 768w, https:\/\/cssst.gouv.qc.ca\/pierre-de-saint-ours\/wp-content\/uploads\/sites\/13\/2026\/03\/Capture-decran-2026-03-24-105817.jpg 1456w\" sizes=\"auto, (max-width: 1024px) 100vw, 1024px\" \/><\/figure>\n","protected":false},"excerpt":{"rendered":"<p>Chers parents, Du 23 au 27 mars, notre \u00e9cole soulignera<\/p>\n","protected":false},"author":13,"featured_media":119,"comment_status":"closed","ping_status":"closed","sticky":false,"template":"","format":"standard","meta":{"_acf_changed":false,"inline_featured_image":false,"footnotes":""},"categories":[1],"tags":[],"class_list":["post-1338","post","type-post","status-publish","format-standard","has-post-thumbnail","hentry","category-non-classe"],"acf":[],"yoast_head":"<!-- This site is optimized with the Yoast SEO plugin v27.5 - https:\/\/yoast.com\/product\/yoast-seo-wordpress\/ -->\n<title>Semaine de pr\u00e9vention de la violence et de l\u2019intimidation dans les \u00e9coles - \u00c9cole Pierre-de-Saint-Ours<\/title>\n<meta name=\"robots\" content=\"index, follow, max-snippet:-1, max-image-preview:large, max-video-preview:-1\" \/>\n<link rel=\"canonical\" href=\"https:\/\/cssst.gouv.qc.ca\/pierre-de-saint-ours\/semaine-de-prevention-de-la-violence-et-de-lintimidation-dans-les-ecoles\/\" \/>\n<meta property=\"og:locale\" content=\"fr_CA\" \/>\n<meta property=\"og:type\" content=\"article\" \/>\n<meta property=\"og:title\" content=\"Semaine de pr\u00e9vention de la violence et de l\u2019intimidation dans les \u00e9coles - \u00c9cole Pierre-de-Saint-Ours\" \/>\n<meta property=\"og:description\" content=\"Chers parents, Du 23 au 27 mars, notre \u00e9cole soulignera\" \/>\n<meta property=\"og:url\" content=\"https:\/\/cssst.gouv.qc.ca\/pierre-de-saint-ours\/semaine-de-prevention-de-la-violence-et-de-lintimidation-dans-les-ecoles\/\" \/>\n<meta property=\"og:site_name\" content=\"\u00c9cole Pierre-de-Saint-Ours\" \/>\n<meta property=\"article:publisher\" content=\"https:\/\/www.facebook.com\/cssoreltracy\/?locale=fr_CA\" \/>\n<meta property=\"article:published_time\" content=\"2026-03-24T15:07:45+00:00\" \/>\n<meta property=\"article:modified_time\" content=\"2026-03-24T15:08:01+00:00\" \/>\n<meta property=\"og:image\" content=\"http:\/\/cssst.gouv.qc.ca\/pierre-de-saint-ours\/wp-content\/uploads\/sites\/13\/2024\/02\/logo-PSO_FINAL-scaled.jpg\" \/>\n\t<meta property=\"og:image:width\" content=\"2560\" \/>\n\t<meta property=\"og:image:height\" content=\"2369\" \/>\n\t<meta property=\"og:image:type\" content=\"image\/jpeg\" \/>\n<meta name=\"author\" content=\"paulcar@cs-soreltracy.qc.ca\" \/>\n<meta name=\"twitter:card\" content=\"summary_large_image\" \/>\n<meta name=\"twitter:label1\" content=\"\u00c9crit par\" \/>\n\t<meta name=\"twitter:data1\" content=\"paulcar@cs-soreltracy.qc.ca\" \/>\n\t<meta name=\"twitter:label2\" content=\"Estimation du temps de lecture\" \/>\n\t<meta name=\"twitter:data2\" content=\"2 minutes\" \/>\n<script type=\"application\/ld+json\" class=\"yoast-schema-graph\">{\"@context\":\"https:\\\/\\\/schema.org\",\"@graph\":[{\"@type\":\"Article\",\"@id\":\"https:\\\/\\\/cssst.gouv.qc.ca\\\/pierre-de-saint-ours\\\/semaine-de-prevention-de-la-violence-et-de-lintimidation-dans-les-ecoles\\\/#article\",\"isPartOf\":{\"@id\":\"https:\\\/\\\/cssst.gouv.qc.ca\\\/pierre-de-saint-ours\\\/semaine-de-prevention-de-la-violence-et-de-lintimidation-dans-les-ecoles\\\/\"},\"author\":{\"name\":\"paulcar@cs-soreltracy.qc.ca\",\"@id\":\"https:\\\/\\\/cssst.gouv.qc.ca\\\/pierre-de-saint-ours\\\/#\\\/schema\\\/person\\\/e149e210a9ff7e26212357948e9104ef\"},\"headline\":\"Semaine de pr\u00e9vention de la violence et de l\u2019intimidation dans les \u00e9coles\",\"datePublished\":\"2026-03-24T15:07:45+00:00\",\"dateModified\":\"2026-03-24T15:08:01+00:00\",\"mainEntityOfPage\":{\"@id\":\"https:\\\/\\\/cssst.gouv.qc.ca\\\/pierre-de-saint-ours\\\/semaine-de-prevention-de-la-violence-et-de-lintimidation-dans-les-ecoles\\\/\"},\"wordCount\":210,\"image\":{\"@id\":\"https:\\\/\\\/cssst.gouv.qc.ca\\\/pierre-de-saint-ours\\\/semaine-de-prevention-de-la-violence-et-de-lintimidation-dans-les-ecoles\\\/#primaryimage\"},\"thumbnailUrl\":\"https:\\\/\\\/cssst.gouv.qc.ca\\\/pierre-de-saint-ours\\\/wp-content\\\/uploads\\\/sites\\\/13\\\/2024\\\/02\\\/logo-PSO_FINAL-scaled.jpg\",\"inLanguage\":\"fr-CA\"},{\"@type\":\"WebPage\",\"@id\":\"https:\\\/\\\/cssst.gouv.qc.ca\\\/pierre-de-saint-ours\\\/semaine-de-prevention-de-la-violence-et-de-lintimidation-dans-les-ecoles\\\/\",\"url\":\"https:\\\/\\\/cssst.gouv.qc.ca\\\/pierre-de-saint-ours\\\/semaine-de-prevention-de-la-violence-et-de-lintimidation-dans-les-ecoles\\\/\",\"name\":\"Semaine de pr\u00e9vention de la violence et de l\u2019intimidation dans les \u00e9coles - \u00c9cole Pierre-de-Saint-Ours\",\"isPartOf\":{\"@id\":\"https:\\\/\\\/cssst.gouv.qc.ca\\\/pierre-de-saint-ours\\\/#website\"},\"primaryImageOfPage\":{\"@id\":\"https:\\\/\\\/cssst.gouv.qc.ca\\\/pierre-de-saint-ours\\\/semaine-de-prevention-de-la-violence-et-de-lintimidation-dans-les-ecoles\\\/#primaryimage\"},\"image\":{\"@id\":\"https:\\\/\\\/cssst.gouv.qc.ca\\\/pierre-de-saint-ours\\\/semaine-de-prevention-de-la-violence-et-de-lintimidation-dans-les-ecoles\\\/#primaryimage\"},\"thumbnailUrl\":\"https:\\\/\\\/cssst.gouv.qc.ca\\\/pierre-de-saint-ours\\\/wp-content\\\/uploads\\\/sites\\\/13\\\/2024\\\/02\\\/logo-PSO_FINAL-scaled.jpg\",\"datePublished\":\"2026-03-24T15:07:45+00:00\",\"dateModified\":\"2026-03-24T15:08:01+00:00\",\"author\":{\"@id\":\"https:\\\/\\\/cssst.gouv.qc.ca\\\/pierre-de-saint-ours\\\/#\\\/schema\\\/person\\\/e149e210a9ff7e26212357948e9104ef\"},\"breadcrumb\":{\"@id\":\"https:\\\/\\\/cssst.gouv.qc.ca\\\/pierre-de-saint-ours\\\/semaine-de-prevention-de-la-violence-et-de-lintimidation-dans-les-ecoles\\\/#breadcrumb\"},\"inLanguage\":\"fr-CA\",\"potentialAction\":[{\"@type\":\"ReadAction\",\"target\":[\"https:\\\/\\\/cssst.gouv.qc.ca\\\/pierre-de-saint-ours\\\/semaine-de-prevention-de-la-violence-et-de-lintimidation-dans-les-ecoles\\\/\"]}]},{\"@type\":\"ImageObject\",\"inLanguage\":\"fr-CA\",\"@id\":\"https:\\\/\\\/cssst.gouv.qc.ca\\\/pierre-de-saint-ours\\\/semaine-de-prevention-de-la-violence-et-de-lintimidation-dans-les-ecoles\\\/#primaryimage\",\"url\":\"https:\\\/\\\/cssst.gouv.qc.ca\\\/pierre-de-saint-ours\\\/wp-content\\\/uploads\\\/sites\\\/13\\\/2024\\\/02\\\/logo-PSO_FINAL-scaled.jpg\",\"contentUrl\":\"https:\\\/\\\/cssst.gouv.qc.ca\\\/pierre-de-saint-ours\\\/wp-content\\\/uploads\\\/sites\\\/13\\\/2024\\\/02\\\/logo-PSO_FINAL-scaled.jpg\",\"width\":2560,\"height\":2369},{\"@type\":\"BreadcrumbList\",\"@id\":\"https:\\\/\\\/cssst.gouv.qc.ca\\\/pierre-de-saint-ours\\\/semaine-de-prevention-de-la-violence-et-de-lintimidation-dans-les-ecoles\\\/#breadcrumb\",\"itemListElement\":[{\"@type\":\"ListItem\",\"position\":1,\"name\":\"Accueil\",\"item\":\"https:\\\/\\\/cssst.gouv.qc.ca\\\/pierre-de-saint-ours\\\/\"},{\"@type\":\"ListItem\",\"position\":2,\"name\":\"Semaine de pr\u00e9vention de la violence et de l\u2019intimidation dans les \u00e9coles\"}]},{\"@type\":\"WebSite\",\"@id\":\"https:\\\/\\\/cssst.gouv.qc.ca\\\/pierre-de-saint-ours\\\/#website\",\"url\":\"https:\\\/\\\/cssst.gouv.qc.ca\\\/pierre-de-saint-ours\\\/\",\"name\":\"\u00c9cole Pierre-de-Saint-Ours\",\"description\":\"\",\"potentialAction\":[{\"@type\":\"SearchAction\",\"target\":{\"@type\":\"EntryPoint\",\"urlTemplate\":\"https:\\\/\\\/cssst.gouv.qc.ca\\\/pierre-de-saint-ours\\\/?s={search_term_string}\"},\"query-input\":{\"@type\":\"PropertyValueSpecification\",\"valueRequired\":true,\"valueName\":\"search_term_string\"}}],\"inLanguage\":\"fr-CA\"},{\"@type\":\"Person\",\"@id\":\"https:\\\/\\\/cssst.gouv.qc.ca\\\/pierre-de-saint-ours\\\/#\\\/schema\\\/person\\\/e149e210a9ff7e26212357948e9104ef\",\"name\":\"paulcar@cs-soreltracy.qc.ca\",\"image\":{\"@type\":\"ImageObject\",\"inLanguage\":\"fr-CA\",\"@id\":\"https:\\\/\\\/secure.gravatar.com\\\/avatar\\\/1678c6c626381587c493cf8fa2f9e86d55deee04d5c6eefc699b6ff8ed7a35fe?s=96&d=mm&r=g\",\"url\":\"https:\\\/\\\/secure.gravatar.com\\\/avatar\\\/1678c6c626381587c493cf8fa2f9e86d55deee04d5c6eefc699b6ff8ed7a35fe?s=96&d=mm&r=g\",\"contentUrl\":\"https:\\\/\\\/secure.gravatar.com\\\/avatar\\\/1678c6c626381587c493cf8fa2f9e86d55deee04d5c6eefc699b6ff8ed7a35fe?s=96&d=mm&r=g\",\"caption\":\"paulcar@cs-soreltracy.qc.ca\"}}]}<\/script>\n<!-- \/ Yoast SEO plugin. -->","yoast_head_json":{"title":"Semaine de pr\u00e9vention de la violence et de l\u2019intimidation dans les \u00e9coles - \u00c9cole Pierre-de-Saint-Ours","robots":{"index":"index","follow":"follow","max-snippet":"max-snippet:-1","max-image-preview":"max-image-preview:large","max-video-preview":"max-video-preview:-1"},"canonical":"https:\/\/cssst.gouv.qc.ca\/pierre-de-saint-ours\/semaine-de-prevention-de-la-violence-et-de-lintimidation-dans-les-ecoles\/","og_locale":"fr_CA","og_type":"article","og_title":"Semaine de pr\u00e9vention de la violence et de l\u2019intimidation dans les \u00e9coles - \u00c9cole Pierre-de-Saint-Ours","og_description":"Chers parents, Du 23 au 27 mars, notre \u00e9cole soulignera","og_url":"https:\/\/cssst.gouv.qc.ca\/pierre-de-saint-ours\/semaine-de-prevention-de-la-violence-et-de-lintimidation-dans-les-ecoles\/","og_site_name":"\u00c9cole Pierre-de-Saint-Ours","article_publisher":"https:\/\/www.facebook.com\/cssoreltracy\/?locale=fr_CA","article_published_time":"2026-03-24T15:07:45+00:00","article_modified_time":"2026-03-24T15:08:01+00:00","og_image":[{"width":2560,"height":2369,"url":"http:\/\/cssst.gouv.qc.ca\/pierre-de-saint-ours\/wp-content\/uploads\/sites\/13\/2024\/02\/logo-PSO_FINAL-scaled.jpg","type":"image\/jpeg"}],"author":"paulcar@cs-soreltracy.qc.ca","twitter_card":"summary_large_image","twitter_misc":{"\u00c9crit par":"paulcar@cs-soreltracy.qc.ca","Estimation du temps de lecture":"2 minutes"},"schema":{"@context":"https:\/\/schema.org","@graph":[{"@type":"Article","@id":"https:\/\/cssst.gouv.qc.ca\/pierre-de-saint-ours\/semaine-de-prevention-de-la-violence-et-de-lintimidation-dans-les-ecoles\/#article","isPartOf":{"@id":"https:\/\/cssst.gouv.qc.ca\/pierre-de-saint-ours\/semaine-de-prevention-de-la-violence-et-de-lintimidation-dans-les-ecoles\/"},"author":{"name":"paulcar@cs-soreltracy.qc.ca","@id":"https:\/\/cssst.gouv.qc.ca\/pierre-de-saint-ours\/#\/schema\/person\/e149e210a9ff7e26212357948e9104ef"},"headline":"Semaine de pr\u00e9vention de la violence et de l\u2019intimidation dans les \u00e9coles","datePublished":"2026-03-24T15:07:45+00:00","dateModified":"2026-03-24T15:08:01+00:00","mainEntityOfPage":{"@id":"https:\/\/cssst.gouv.qc.ca\/pierre-de-saint-ours\/semaine-de-prevention-de-la-violence-et-de-lintimidation-dans-les-ecoles\/"},"wordCount":210,"image":{"@id":"https:\/\/cssst.gouv.qc.ca\/pierre-de-saint-ours\/semaine-de-prevention-de-la-violence-et-de-lintimidation-dans-les-ecoles\/#primaryimage"},"thumbnailUrl":"https:\/\/cssst.gouv.qc.ca\/pierre-de-saint-ours\/wp-content\/uploads\/sites\/13\/2024\/02\/logo-PSO_FINAL-scaled.jpg","inLanguage":"fr-CA"},{"@type":"WebPage","@id":"https:\/\/cssst.gouv.qc.ca\/pierre-de-saint-ours\/semaine-de-prevention-de-la-violence-et-de-lintimidation-dans-les-ecoles\/","url":"https:\/\/cssst.gouv.qc.ca\/pierre-de-saint-ours\/semaine-de-prevention-de-la-violence-et-de-lintimidation-dans-les-ecoles\/","name":"Semaine de pr\u00e9vention de la violence et de l\u2019intimidation dans les \u00e9coles - \u00c9cole Pierre-de-Saint-Ours","isPartOf":{"@id":"https:\/\/cssst.gouv.qc.ca\/pierre-de-saint-ours\/#website"},"primaryImageOfPage":{"@id":"https:\/\/cssst.gouv.qc.ca\/pierre-de-saint-ours\/semaine-de-prevention-de-la-violence-et-de-lintimidation-dans-les-ecoles\/#primaryimage"},"image":{"@id":"https:\/\/cssst.gouv.qc.ca\/pierre-de-saint-ours\/semaine-de-prevention-de-la-violence-et-de-lintimidation-dans-les-ecoles\/#primaryimage"},"thumbnailUrl":"https:\/\/cssst.gouv.qc.ca\/pierre-de-saint-ours\/wp-content\/uploads\/sites\/13\/2024\/02\/logo-PSO_FINAL-scaled.jpg","datePublished":"2026-03-24T15:07:45+00:00","dateModified":"2026-03-24T15:08:01+00:00","author":{"@id":"https:\/\/cssst.gouv.qc.ca\/pierre-de-saint-ours\/#\/schema\/person\/e149e210a9ff7e26212357948e9104ef"},"breadcrumb":{"@id":"https:\/\/cssst.gouv.qc.ca\/pierre-de-saint-ours\/semaine-de-prevention-de-la-violence-et-de-lintimidation-dans-les-ecoles\/#breadcrumb"},"inLanguage":"fr-CA","potentialAction":[{"@type":"ReadAction","target":["https:\/\/cssst.gouv.qc.ca\/pierre-de-saint-ours\/semaine-de-prevention-de-la-violence-et-de-lintimidation-dans-les-ecoles\/"]}]},{"@type":"ImageObject","inLanguage":"fr-CA","@id":"https:\/\/cssst.gouv.qc.ca\/pierre-de-saint-ours\/semaine-de-prevention-de-la-violence-et-de-lintimidation-dans-les-ecoles\/#primaryimage","url":"https:\/\/cssst.gouv.qc.ca\/pierre-de-saint-ours\/wp-content\/uploads\/sites\/13\/2024\/02\/logo-PSO_FINAL-scaled.jpg","contentUrl":"https:\/\/cssst.gouv.qc.ca\/pierre-de-saint-ours\/wp-content\/uploads\/sites\/13\/2024\/02\/logo-PSO_FINAL-scaled.jpg","width":2560,"height":2369},{"@type":"BreadcrumbList","@id":"https:\/\/cssst.gouv.qc.ca\/pierre-de-saint-ours\/semaine-de-prevention-de-la-violence-et-de-lintimidation-dans-les-ecoles\/#breadcrumb","itemListElement":[{"@type":"ListItem","position":1,"name":"Accueil","item":"https:\/\/cssst.gouv.qc.ca\/pierre-de-saint-ours\/"},{"@type":"ListItem","position":2,"name":"Semaine de pr\u00e9vention de la violence et de l\u2019intimidation dans les \u00e9coles"}]},{"@type":"WebSite","@id":"https:\/\/cssst.gouv.qc.ca\/pierre-de-saint-ours\/#website","url":"https:\/\/cssst.gouv.qc.ca\/pierre-de-saint-ours\/","name":"\u00c9cole Pierre-de-Saint-Ours","description":"","potentialAction":[{"@type":"SearchAction","target":{"@type":"EntryPoint","urlTemplate":"https:\/\/cssst.gouv.qc.ca\/pierre-de-saint-ours\/?s={search_term_string}"},"query-input":{"@type":"PropertyValueSpecification","valueRequired":true,"valueName":"search_term_string"}}],"inLanguage":"fr-CA"},{"@type":"Person","@id":"https:\/\/cssst.gouv.qc.ca\/pierre-de-saint-ours\/#\/schema\/person\/e149e210a9ff7e26212357948e9104ef","name":"paulcar@cs-soreltracy.qc.ca","image":{"@type":"ImageObject","inLanguage":"fr-CA","@id":"https:\/\/secure.gravatar.com\/avatar\/1678c6c626381587c493cf8fa2f9e86d55deee04d5c6eefc699b6ff8ed7a35fe?s=96&d=mm&r=g","url":"https:\/\/secure.gravatar.com\/avatar\/1678c6c626381587c493cf8fa2f9e86d55deee04d5c6eefc699b6ff8ed7a35fe?s=96&d=mm&r=g","contentUrl":"https:\/\/secure.gravatar.com\/avatar\/1678c6c626381587c493cf8fa2f9e86d55deee04d5c6eefc699b6ff8ed7a35fe?s=96&d=mm&r=g","caption":"paulcar@cs-soreltracy.qc.ca"}}]}},"_links":{"self":[{"href":"https:\/\/cssst.gouv.qc.ca\/pierre-de-saint-ours\/wp-json\/wp\/v2\/posts\/1338","targetHints":{"allow":["GET"]}}],"collection":[{"href":"https:\/\/cssst.gouv.qc.ca\/pierre-de-saint-ours\/wp-json\/wp\/v2\/posts"}],"about":[{"href":"https:\/\/cssst.gouv.qc.ca\/pierre-de-saint-ours\/wp-json\/wp\/v2\/types\/post"}],"author":[{"embeddable":true,"href":"https:\/\/cssst.gouv.qc.ca\/pierre-de-saint-ours\/wp-json\/wp\/v2\/users\/13"}],"replies":[{"embeddable":true,"href":"https:\/\/cssst.gouv.qc.ca\/pierre-de-saint-ours\/wp-json\/wp\/v2\/comments?post=1338"}],"version-history":[{"count":0,"href":"https:\/\/cssst.gouv.qc.ca\/pierre-de-saint-ours\/wp-json\/wp\/v2\/posts\/1338\/revisions"}],"wp:featuredmedia":[{"embeddable":true,"href":"https:\/\/cssst.gouv.qc.ca\/pierre-de-saint-ours\/wp-json\/wp\/v2\/media\/119"}],"wp:attachment":[{"href":"https:\/\/cssst.gouv.qc.ca\/pierre-de-saint-ours\/wp-json\/wp\/v2\/media?parent=1338"}],"wp:term":[{"taxonomy":"category","embeddable":true,"href":"https:\/\/cssst.gouv.qc.ca\/pierre-de-saint-ours\/wp-json\/wp\/v2\/categories?post=1338"},{"taxonomy":"post_tag","embeddable":true,"href":"https:\/\/cssst.gouv.qc.ca\/pierre-de-saint-ours\/wp-json\/wp\/v2\/tags?post=1338"}],"curies":[{"name":"wp","href":"https:\/\/api.w.org\/{rel}","templated":true}]}}