{"id":1203,"date":"2026-01-06T10:46:49","date_gmt":"2026-01-06T15:46:49","guid":{"rendered":"https:\/\/cssst.gouv.qc.ca\/pierre-de-saint-ours\/?p=1203"},"modified":"2026-01-06T10:46:49","modified_gmt":"2026-01-06T15:46:49","slug":"mise-a-jour-du-code-de-vie","status":"publish","type":"post","link":"https:\/\/cssst.gouv.qc.ca\/pierre-de-saint-ours\/mise-a-jour-du-code-de-vie\/","title":{"rendered":"Mise \u00e0 jour du code de vie"},"content":{"rendered":"\n\n<p class=\"act-lead\">Mise \u00e0 jour du code de vie \u2013 Nouvelles r\u00e8gles ax\u00e9es sur le respect<\/p>\n\n\n\n<div class=\"wp-block-post-date\"><time datetime=\"2026-01-06T10:46:49-05:00\">6 janvier 2026<\/time><\/div>\n\n\n<p>Chers parents,<\/p>\n\n\n\n<p>Conform\u00e9ment aux nouvelles orientations du gouvernement du Qu\u00e9bec, notre \u00e9cole proc\u00e9dera \u00e0 une <strong>mise \u00e0 jour de son code de vie<\/strong> afin de renforcer les pratiques et comportements favorisant le respect au sein de notre milieu scolaire.<\/p>\n\n\n\n<p>Ces nouvelles r\u00e8gles entreront <strong>officiellement en vigueur en janvier 2026<\/strong>, mais elles seront progressivement int\u00e9gr\u00e9es d\u00e8s maintenant afin de permettre une transition harmonieuse pour les \u00e9l\u00e8ves.<\/p>\n\n\n\n<p><strong>\u2705 Les principaux changements<\/strong><\/p>\n\n\n\n<p>Les mesures pr\u00e9vues visent \u00e0 instaurer un climat scolaire respectueux, s\u00e9curisant et responsabilisant. Elles incluent notamment\u202f:<\/p>\n\n\n\n<ul class=\"wp-block-list\">\n<li><strong>Le vouvoiement devient la norme<\/strong> pour tous les \u00e9l\u00e8ves lorsqu\u2019ils s\u2019adressent aux adultes \u00e0 l\u2019\u00e9cole.<\/li>\n\n\n\n<li>Les \u00e9l\u00e8ves devront s\u2019adresser aux adultes et aux membres du personnel en utilisant les termes <strong>\u00ab<\/strong><strong>\u202f<\/strong><strong>Monsieur<\/strong><strong>\u202f<\/strong><strong>\u00bb ou \u00ab<\/strong><strong>\u202f<\/strong><strong>Madame<\/strong><strong>\u202f<\/strong><strong>\u00bb<\/strong>.<\/li>\n\n\n\n<li>L\u2019adoption de <strong>marques de politesse<\/strong> (ex.\u202f: s\u2019il vous pla\u00eet, merci, pardon) sera encourag\u00e9e dans toutes les interactions, tant entre \u00e9l\u00e8ves qu\u2019avec le personnel.<\/li>\n\n\n\n<li>Le <strong>respect des biens de l\u2019\u00e9cole<\/strong> fait partie int\u00e9grante des attentes li\u00e9es \u00e0 la vie collective.<\/li>\n\n\n\n<li>D\u2019autres r\u00e8gles de vie commune seront pr\u00e9cis\u00e9es afin de favoriser la responsabilit\u00e9, le vivre-ensemble et le respect mutuel.<\/li>\n<\/ul>\n\n\n\n<p><strong>\u26a0\ufe0f En cas de manquement<\/strong><\/p>\n\n\n\n<p>Dans une volont\u00e9 \u00e9ducative, des <strong>gestes de r\u00e9paration<\/strong> pourront \u00e9galement \u00eatre demand\u00e9s aux \u00e9l\u00e8ves concern\u00e9s, par exemple :<\/p>\n\n\n\n<ul class=\"wp-block-list\">\n<li>une reformulation,<\/li>\n\n\n\n<li>une lettre d\u2019excuses,<\/li>\n\n\n\n<li>des services rendus \u00e0 l\u2019\u00e9cole,<\/li>\n\n\n\n<li>des travaux communautaires,<\/li>\n\n\n\n<li>ou un cercle de discussion visant la prise de conscience des cons\u00e9quences de leurs gestes.<\/li>\n<\/ul>\n\n\n\n<p>Chaque direction d\u2019\u00e9cole conserve la <strong>latitude de d\u00e9terminer les interventions et les sanctions appropri\u00e9es<\/strong>, toujours dans l\u2019int\u00e9r\u00eat de l\u2019\u00e9l\u00e8ve et du milieu scolaire.<\/p>\n\n\n\n<p><strong>\ud83e\udd1d Votre collaboration<\/strong><\/p>\n\n\n\n<p>Nous croyons fermement que la r\u00e9ussite de ces mesures repose sur une <strong>collaboration \u00e9troite entre l\u2019\u00e9cole et les familles<\/strong>. Nous vous invitons \u00e0 discuter de ces nouvelles r\u00e8gles avec votre enfant et \u00e0 l\u2019encourager \u00e0 adopter des comportements respectueux au quotidien.<\/p>\n\n\n\n<p>Nous vous remercions de votre soutien et de votre confiance. Ensemble, continuons de faire de notre \u00e9cole un milieu bienveillant, s\u00e9curisant et propice aux apprentissages.<\/p>\n\n\n\n<p>Veuillez recevoir nos salutations distingu\u00e9es,<\/p>\n\n\n\n<p><strong>Christian Bourbeau<\/strong><strong>&nbsp;| <\/strong>directeur<\/p>\n\n\n\n<p><strong>\u00c9cole Pierre-de-Saint-Ours<\/strong> &#8211; (450) 746-3512, poste 3210<\/p>\n\n\n\n<p><strong>\u00c9cole Sainte-Victoire<\/strong> &#8211; (450) 746-3511, poste 2210<\/p>\n\n\n\n<p><\/p>\n\n\n\n<p><\/p>\n","protected":false},"excerpt":{"rendered":"<p>Chers parents, Conform\u00e9ment aux nouvelles orientations du gouvernement du Qu\u00e9bec,<\/p>\n","protected":false},"author":13,"featured_media":119,"comment_status":"closed","ping_status":"closed","sticky":false,"template":"","format":"standard","meta":{"_acf_changed":false,"inline_featured_image":false,"footnotes":""},"categories":[1],"tags":[],"class_list":["post-1203","post","type-post","status-publish","format-standard","has-post-thumbnail","hentry","category-non-classe"],"acf":[],"yoast_head":"<!-- This site is optimized with the Yoast SEO plugin v27.5 - https:\/\/yoast.com\/product\/yoast-seo-wordpress\/ -->\n<title>Mise \u00e0 jour du code de vie - \u00c9cole Pierre-de-Saint-Ours<\/title>\n<meta name=\"robots\" content=\"index, follow, max-snippet:-1, max-image-preview:large, max-video-preview:-1\" \/>\n<link rel=\"canonical\" href=\"https:\/\/cssst.gouv.qc.ca\/pierre-de-saint-ours\/mise-a-jour-du-code-de-vie\/\" \/>\n<meta property=\"og:locale\" content=\"fr_CA\" \/>\n<meta property=\"og:type\" content=\"article\" \/>\n<meta property=\"og:title\" content=\"Mise \u00e0 jour du code de vie - \u00c9cole Pierre-de-Saint-Ours\" \/>\n<meta property=\"og:description\" content=\"Chers parents, Conform\u00e9ment aux nouvelles orientations du gouvernement du Qu\u00e9bec,\" \/>\n<meta property=\"og:url\" content=\"https:\/\/cssst.gouv.qc.ca\/pierre-de-saint-ours\/mise-a-jour-du-code-de-vie\/\" \/>\n<meta property=\"og:site_name\" content=\"\u00c9cole Pierre-de-Saint-Ours\" \/>\n<meta property=\"article:publisher\" content=\"https:\/\/www.facebook.com\/cssoreltracy\/?locale=fr_CA\" \/>\n<meta property=\"article:published_time\" content=\"2026-01-06T15:46:49+00:00\" \/>\n<meta property=\"og:image\" content=\"http:\/\/cssst.gouv.qc.ca\/pierre-de-saint-ours\/wp-content\/uploads\/sites\/13\/2024\/02\/logo-PSO_FINAL-scaled.jpg\" \/>\n\t<meta property=\"og:image:width\" content=\"2560\" \/>\n\t<meta property=\"og:image:height\" content=\"2369\" \/>\n\t<meta property=\"og:image:type\" content=\"image\/jpeg\" \/>\n<meta name=\"author\" content=\"paulcar@cs-soreltracy.qc.ca\" \/>\n<meta name=\"twitter:card\" content=\"summary_large_image\" \/>\n<meta name=\"twitter:label1\" content=\"\u00c9crit par\" \/>\n\t<meta name=\"twitter:data1\" content=\"paulcar@cs-soreltracy.qc.ca\" \/>\n\t<meta name=\"twitter:label2\" content=\"Estimation du temps de lecture\" \/>\n\t<meta name=\"twitter:data2\" content=\"2 minutes\" \/>\n<script type=\"application\/ld+json\" class=\"yoast-schema-graph\">{\"@context\":\"https:\\\/\\\/schema.org\",\"@graph\":[{\"@type\":\"Article\",\"@id\":\"https:\\\/\\\/cssst.gouv.qc.ca\\\/pierre-de-saint-ours\\\/mise-a-jour-du-code-de-vie\\\/#article\",\"isPartOf\":{\"@id\":\"https:\\\/\\\/cssst.gouv.qc.ca\\\/pierre-de-saint-ours\\\/mise-a-jour-du-code-de-vie\\\/\"},\"author\":{\"name\":\"paulcar@cs-soreltracy.qc.ca\",\"@id\":\"https:\\\/\\\/cssst.gouv.qc.ca\\\/pierre-de-saint-ours\\\/#\\\/schema\\\/person\\\/e149e210a9ff7e26212357948e9104ef\"},\"headline\":\"Mise \u00e0 jour du code de vie\",\"datePublished\":\"2026-01-06T15:46:49+00:00\",\"mainEntityOfPage\":{\"@id\":\"https:\\\/\\\/cssst.gouv.qc.ca\\\/pierre-de-saint-ours\\\/mise-a-jour-du-code-de-vie\\\/\"},\"wordCount\":393,\"image\":{\"@id\":\"https:\\\/\\\/cssst.gouv.qc.ca\\\/pierre-de-saint-ours\\\/mise-a-jour-du-code-de-vie\\\/#primaryimage\"},\"thumbnailUrl\":\"https:\\\/\\\/cssst.gouv.qc.ca\\\/pierre-de-saint-ours\\\/wp-content\\\/uploads\\\/sites\\\/13\\\/2024\\\/02\\\/logo-PSO_FINAL-scaled.jpg\",\"inLanguage\":\"fr-CA\"},{\"@type\":\"WebPage\",\"@id\":\"https:\\\/\\\/cssst.gouv.qc.ca\\\/pierre-de-saint-ours\\\/mise-a-jour-du-code-de-vie\\\/\",\"url\":\"https:\\\/\\\/cssst.gouv.qc.ca\\\/pierre-de-saint-ours\\\/mise-a-jour-du-code-de-vie\\\/\",\"name\":\"Mise \u00e0 jour du code de vie - \u00c9cole Pierre-de-Saint-Ours\",\"isPartOf\":{\"@id\":\"https:\\\/\\\/cssst.gouv.qc.ca\\\/pierre-de-saint-ours\\\/#website\"},\"primaryImageOfPage\":{\"@id\":\"https:\\\/\\\/cssst.gouv.qc.ca\\\/pierre-de-saint-ours\\\/mise-a-jour-du-code-de-vie\\\/#primaryimage\"},\"image\":{\"@id\":\"https:\\\/\\\/cssst.gouv.qc.ca\\\/pierre-de-saint-ours\\\/mise-a-jour-du-code-de-vie\\\/#primaryimage\"},\"thumbnailUrl\":\"https:\\\/\\\/cssst.gouv.qc.ca\\\/pierre-de-saint-ours\\\/wp-content\\\/uploads\\\/sites\\\/13\\\/2024\\\/02\\\/logo-PSO_FINAL-scaled.jpg\",\"datePublished\":\"2026-01-06T15:46:49+00:00\",\"author\":{\"@id\":\"https:\\\/\\\/cssst.gouv.qc.ca\\\/pierre-de-saint-ours\\\/#\\\/schema\\\/person\\\/e149e210a9ff7e26212357948e9104ef\"},\"breadcrumb\":{\"@id\":\"https:\\\/\\\/cssst.gouv.qc.ca\\\/pierre-de-saint-ours\\\/mise-a-jour-du-code-de-vie\\\/#breadcrumb\"},\"inLanguage\":\"fr-CA\",\"potentialAction\":[{\"@type\":\"ReadAction\",\"target\":[\"https:\\\/\\\/cssst.gouv.qc.ca\\\/pierre-de-saint-ours\\\/mise-a-jour-du-code-de-vie\\\/\"]}]},{\"@type\":\"ImageObject\",\"inLanguage\":\"fr-CA\",\"@id\":\"https:\\\/\\\/cssst.gouv.qc.ca\\\/pierre-de-saint-ours\\\/mise-a-jour-du-code-de-vie\\\/#primaryimage\",\"url\":\"https:\\\/\\\/cssst.gouv.qc.ca\\\/pierre-de-saint-ours\\\/wp-content\\\/uploads\\\/sites\\\/13\\\/2024\\\/02\\\/logo-PSO_FINAL-scaled.jpg\",\"contentUrl\":\"https:\\\/\\\/cssst.gouv.qc.ca\\\/pierre-de-saint-ours\\\/wp-content\\\/uploads\\\/sites\\\/13\\\/2024\\\/02\\\/logo-PSO_FINAL-scaled.jpg\",\"width\":2560,\"height\":2369},{\"@type\":\"BreadcrumbList\",\"@id\":\"https:\\\/\\\/cssst.gouv.qc.ca\\\/pierre-de-saint-ours\\\/mise-a-jour-du-code-de-vie\\\/#breadcrumb\",\"itemListElement\":[{\"@type\":\"ListItem\",\"position\":1,\"name\":\"Accueil\",\"item\":\"https:\\\/\\\/cssst.gouv.qc.ca\\\/pierre-de-saint-ours\\\/\"},{\"@type\":\"ListItem\",\"position\":2,\"name\":\"Mise \u00e0 jour du code de vie\"}]},{\"@type\":\"WebSite\",\"@id\":\"https:\\\/\\\/cssst.gouv.qc.ca\\\/pierre-de-saint-ours\\\/#website\",\"url\":\"https:\\\/\\\/cssst.gouv.qc.ca\\\/pierre-de-saint-ours\\\/\",\"name\":\"\u00c9cole Pierre-de-Saint-Ours\",\"description\":\"\",\"potentialAction\":[{\"@type\":\"SearchAction\",\"target\":{\"@type\":\"EntryPoint\",\"urlTemplate\":\"https:\\\/\\\/cssst.gouv.qc.ca\\\/pierre-de-saint-ours\\\/?s={search_term_string}\"},\"query-input\":{\"@type\":\"PropertyValueSpecification\",\"valueRequired\":true,\"valueName\":\"search_term_string\"}}],\"inLanguage\":\"fr-CA\"},{\"@type\":\"Person\",\"@id\":\"https:\\\/\\\/cssst.gouv.qc.ca\\\/pierre-de-saint-ours\\\/#\\\/schema\\\/person\\\/e149e210a9ff7e26212357948e9104ef\",\"name\":\"paulcar@cs-soreltracy.qc.ca\",\"image\":{\"@type\":\"ImageObject\",\"inLanguage\":\"fr-CA\",\"@id\":\"https:\\\/\\\/secure.gravatar.com\\\/avatar\\\/1678c6c626381587c493cf8fa2f9e86d55deee04d5c6eefc699b6ff8ed7a35fe?s=96&d=mm&r=g\",\"url\":\"https:\\\/\\\/secure.gravatar.com\\\/avatar\\\/1678c6c626381587c493cf8fa2f9e86d55deee04d5c6eefc699b6ff8ed7a35fe?s=96&d=mm&r=g\",\"contentUrl\":\"https:\\\/\\\/secure.gravatar.com\\\/avatar\\\/1678c6c626381587c493cf8fa2f9e86d55deee04d5c6eefc699b6ff8ed7a35fe?s=96&d=mm&r=g\",\"caption\":\"paulcar@cs-soreltracy.qc.ca\"}}]}<\/script>\n<!-- \/ Yoast SEO plugin. -->","yoast_head_json":{"title":"Mise \u00e0 jour du code de vie - \u00c9cole Pierre-de-Saint-Ours","robots":{"index":"index","follow":"follow","max-snippet":"max-snippet:-1","max-image-preview":"max-image-preview:large","max-video-preview":"max-video-preview:-1"},"canonical":"https:\/\/cssst.gouv.qc.ca\/pierre-de-saint-ours\/mise-a-jour-du-code-de-vie\/","og_locale":"fr_CA","og_type":"article","og_title":"Mise \u00e0 jour du code de vie - \u00c9cole Pierre-de-Saint-Ours","og_description":"Chers parents, Conform\u00e9ment aux nouvelles orientations du gouvernement du Qu\u00e9bec,","og_url":"https:\/\/cssst.gouv.qc.ca\/pierre-de-saint-ours\/mise-a-jour-du-code-de-vie\/","og_site_name":"\u00c9cole Pierre-de-Saint-Ours","article_publisher":"https:\/\/www.facebook.com\/cssoreltracy\/?locale=fr_CA","article_published_time":"2026-01-06T15:46:49+00:00","og_image":[{"width":2560,"height":2369,"url":"http:\/\/cssst.gouv.qc.ca\/pierre-de-saint-ours\/wp-content\/uploads\/sites\/13\/2024\/02\/logo-PSO_FINAL-scaled.jpg","type":"image\/jpeg"}],"author":"paulcar@cs-soreltracy.qc.ca","twitter_card":"summary_large_image","twitter_misc":{"\u00c9crit par":"paulcar@cs-soreltracy.qc.ca","Estimation du temps de lecture":"2 minutes"},"schema":{"@context":"https:\/\/schema.org","@graph":[{"@type":"Article","@id":"https:\/\/cssst.gouv.qc.ca\/pierre-de-saint-ours\/mise-a-jour-du-code-de-vie\/#article","isPartOf":{"@id":"https:\/\/cssst.gouv.qc.ca\/pierre-de-saint-ours\/mise-a-jour-du-code-de-vie\/"},"author":{"name":"paulcar@cs-soreltracy.qc.ca","@id":"https:\/\/cssst.gouv.qc.ca\/pierre-de-saint-ours\/#\/schema\/person\/e149e210a9ff7e26212357948e9104ef"},"headline":"Mise \u00e0 jour du code de vie","datePublished":"2026-01-06T15:46:49+00:00","mainEntityOfPage":{"@id":"https:\/\/cssst.gouv.qc.ca\/pierre-de-saint-ours\/mise-a-jour-du-code-de-vie\/"},"wordCount":393,"image":{"@id":"https:\/\/cssst.gouv.qc.ca\/pierre-de-saint-ours\/mise-a-jour-du-code-de-vie\/#primaryimage"},"thumbnailUrl":"https:\/\/cssst.gouv.qc.ca\/pierre-de-saint-ours\/wp-content\/uploads\/sites\/13\/2024\/02\/logo-PSO_FINAL-scaled.jpg","inLanguage":"fr-CA"},{"@type":"WebPage","@id":"https:\/\/cssst.gouv.qc.ca\/pierre-de-saint-ours\/mise-a-jour-du-code-de-vie\/","url":"https:\/\/cssst.gouv.qc.ca\/pierre-de-saint-ours\/mise-a-jour-du-code-de-vie\/","name":"Mise \u00e0 jour du code de vie - \u00c9cole Pierre-de-Saint-Ours","isPartOf":{"@id":"https:\/\/cssst.gouv.qc.ca\/pierre-de-saint-ours\/#website"},"primaryImageOfPage":{"@id":"https:\/\/cssst.gouv.qc.ca\/pierre-de-saint-ours\/mise-a-jour-du-code-de-vie\/#primaryimage"},"image":{"@id":"https:\/\/cssst.gouv.qc.ca\/pierre-de-saint-ours\/mise-a-jour-du-code-de-vie\/#primaryimage"},"thumbnailUrl":"https:\/\/cssst.gouv.qc.ca\/pierre-de-saint-ours\/wp-content\/uploads\/sites\/13\/2024\/02\/logo-PSO_FINAL-scaled.jpg","datePublished":"2026-01-06T15:46:49+00:00","author":{"@id":"https:\/\/cssst.gouv.qc.ca\/pierre-de-saint-ours\/#\/schema\/person\/e149e210a9ff7e26212357948e9104ef"},"breadcrumb":{"@id":"https:\/\/cssst.gouv.qc.ca\/pierre-de-saint-ours\/mise-a-jour-du-code-de-vie\/#breadcrumb"},"inLanguage":"fr-CA","potentialAction":[{"@type":"ReadAction","target":["https:\/\/cssst.gouv.qc.ca\/pierre-de-saint-ours\/mise-a-jour-du-code-de-vie\/"]}]},{"@type":"ImageObject","inLanguage":"fr-CA","@id":"https:\/\/cssst.gouv.qc.ca\/pierre-de-saint-ours\/mise-a-jour-du-code-de-vie\/#primaryimage","url":"https:\/\/cssst.gouv.qc.ca\/pierre-de-saint-ours\/wp-content\/uploads\/sites\/13\/2024\/02\/logo-PSO_FINAL-scaled.jpg","contentUrl":"https:\/\/cssst.gouv.qc.ca\/pierre-de-saint-ours\/wp-content\/uploads\/sites\/13\/2024\/02\/logo-PSO_FINAL-scaled.jpg","width":2560,"height":2369},{"@type":"BreadcrumbList","@id":"https:\/\/cssst.gouv.qc.ca\/pierre-de-saint-ours\/mise-a-jour-du-code-de-vie\/#breadcrumb","itemListElement":[{"@type":"ListItem","position":1,"name":"Accueil","item":"https:\/\/cssst.gouv.qc.ca\/pierre-de-saint-ours\/"},{"@type":"ListItem","position":2,"name":"Mise \u00e0 jour du code de vie"}]},{"@type":"WebSite","@id":"https:\/\/cssst.gouv.qc.ca\/pierre-de-saint-ours\/#website","url":"https:\/\/cssst.gouv.qc.ca\/pierre-de-saint-ours\/","name":"\u00c9cole Pierre-de-Saint-Ours","description":"","potentialAction":[{"@type":"SearchAction","target":{"@type":"EntryPoint","urlTemplate":"https:\/\/cssst.gouv.qc.ca\/pierre-de-saint-ours\/?s={search_term_string}"},"query-input":{"@type":"PropertyValueSpecification","valueRequired":true,"valueName":"search_term_string"}}],"inLanguage":"fr-CA"},{"@type":"Person","@id":"https:\/\/cssst.gouv.qc.ca\/pierre-de-saint-ours\/#\/schema\/person\/e149e210a9ff7e26212357948e9104ef","name":"paulcar@cs-soreltracy.qc.ca","image":{"@type":"ImageObject","inLanguage":"fr-CA","@id":"https:\/\/secure.gravatar.com\/avatar\/1678c6c626381587c493cf8fa2f9e86d55deee04d5c6eefc699b6ff8ed7a35fe?s=96&d=mm&r=g","url":"https:\/\/secure.gravatar.com\/avatar\/1678c6c626381587c493cf8fa2f9e86d55deee04d5c6eefc699b6ff8ed7a35fe?s=96&d=mm&r=g","contentUrl":"https:\/\/secure.gravatar.com\/avatar\/1678c6c626381587c493cf8fa2f9e86d55deee04d5c6eefc699b6ff8ed7a35fe?s=96&d=mm&r=g","caption":"paulcar@cs-soreltracy.qc.ca"}}]}},"_links":{"self":[{"href":"https:\/\/cssst.gouv.qc.ca\/pierre-de-saint-ours\/wp-json\/wp\/v2\/posts\/1203","targetHints":{"allow":["GET"]}}],"collection":[{"href":"https:\/\/cssst.gouv.qc.ca\/pierre-de-saint-ours\/wp-json\/wp\/v2\/posts"}],"about":[{"href":"https:\/\/cssst.gouv.qc.ca\/pierre-de-saint-ours\/wp-json\/wp\/v2\/types\/post"}],"author":[{"embeddable":true,"href":"https:\/\/cssst.gouv.qc.ca\/pierre-de-saint-ours\/wp-json\/wp\/v2\/users\/13"}],"replies":[{"embeddable":true,"href":"https:\/\/cssst.gouv.qc.ca\/pierre-de-saint-ours\/wp-json\/wp\/v2\/comments?post=1203"}],"version-history":[{"count":0,"href":"https:\/\/cssst.gouv.qc.ca\/pierre-de-saint-ours\/wp-json\/wp\/v2\/posts\/1203\/revisions"}],"wp:featuredmedia":[{"embeddable":true,"href":"https:\/\/cssst.gouv.qc.ca\/pierre-de-saint-ours\/wp-json\/wp\/v2\/media\/119"}],"wp:attachment":[{"href":"https:\/\/cssst.gouv.qc.ca\/pierre-de-saint-ours\/wp-json\/wp\/v2\/media?parent=1203"}],"wp:term":[{"taxonomy":"category","embeddable":true,"href":"https:\/\/cssst.gouv.qc.ca\/pierre-de-saint-ours\/wp-json\/wp\/v2\/categories?post=1203"},{"taxonomy":"post_tag","embeddable":true,"href":"https:\/\/cssst.gouv.qc.ca\/pierre-de-saint-ours\/wp-json\/wp\/v2\/tags?post=1203"}],"curies":[{"name":"wp","href":"https:\/\/api.w.org\/{rel}","templated":true}]}}