{"id":607,"date":"2025-02-21T14:24:06","date_gmt":"2025-02-21T19:24:06","guid":{"rendered":"https:\/\/cssst.gouv.qc.ca\/fernand-lefebvre\/?p=607"},"modified":"2025-02-21T14:58:08","modified_gmt":"2025-02-21T19:58:08","slug":"une-visite-guidee-de-lesfl-et-de-ses-nouveaux-programmes","status":"publish","type":"post","link":"https:\/\/cssst.gouv.qc.ca\/fernand-lefebvre\/2025\/02\/21\/une-visite-guidee-de-lesfl-et-de-ses-nouveaux-programmes\/","title":{"rendered":"Une visite guid\u00e9e de l\u2019ESFL et de ses nouveaux programmes!"},"content":{"rendered":"\n<div style=\"height:12px\" aria-hidden=\"true\" class=\"wp-block-spacer\"><\/div>\n\n\n\n<p>Tu cherches un programme qui te passionne pour la rentr\u00e9e 2025-2026? L\u2019\u00c9cole secondaire Fernand-Lefebvre t\u2019invite \u00e0 d\u00e9couvrir ses <strong>deux nouveaux programmes<\/strong> : <strong>Techno-science <\/strong><strong>\ud83e\uddea\ud83e\udd16<\/strong><strong> et Artistique <\/strong><strong>\ud83c\udfad\ud83c\udfb6<\/strong>!&nbsp;<\/p>\n\n\n\n<p>\ud83d\udca1 <strong>Mais en quoi consistent-ils?<\/strong>&nbsp;<\/p>\n\n\n\n<p>\ud83d\udd2c <strong>TECHNO-SCIENCE<\/strong> \ud83d\udd2c&nbsp;<br>Tu es curieux, cr\u00e9atif et passionn\u00e9 par les sciences et les nouvelles technologies? Ce programme est fait pour toi!&nbsp;<\/p>\n\n\n\n<p>\u2705 <strong>Exp\u00e9rimente avec l\u2019impression 3D, la robotique et les laboratoires scientifiques<\/strong>&nbsp;<br>\u2705 <strong>Rel\u00e8ve des d\u00e9fis et participe \u00e0 des concours stimulants<\/strong>&nbsp;<br>\u2705 <strong>D\u00e9veloppe ta rigueur scientifique et ta capacit\u00e9 d\u2019innovation<\/strong>&nbsp;<\/p>\n\n\n\n<p>\ud83c\udfad <strong>ARTISTIQUE<\/strong> \ud83c\udfa8&nbsp;<br>Tu as l\u2019\u00e2me d\u2019un artiste? Exprime ton talent en choisissant parmi <strong>quatre disciplines<\/strong> :&nbsp;<\/p>\n\n\n\n<p>\ud83c\udfad <strong>Art dramatique<\/strong> \u2013 Monte sur sc\u00e8ne et perfectionne ton jeu d\u2019acteur!&nbsp;<br>\ud83c\udfa8 <strong>Arts plastiques<\/strong> \u2013 Laisse libre cours \u00e0 ta cr\u00e9ativit\u00e9 avec diff\u00e9rentes techniques!&nbsp;<br>\ud83d\udc83 <strong>Danse<\/strong> \u2013 Bouge et explore divers styles chor\u00e9graphiques!&nbsp;<br>\ud83c\udfb6 <strong>Musique<\/strong> \u2013 Joue d\u2019un instrument et plonge dans l\u2019univers musical!&nbsp;<\/p>\n\n\n\n<p>\u2705 <strong>Cr\u00e9e, exp\u00e9rimente et perfectionne ton art<\/strong>\u00a0<br>\u2705 <strong>Participe \u00e0 des spectacles, expositions et ateliers<\/strong>\u00a0<br>\u2705 <strong>Rencontre des artistes et d\u00e9couvre des lieux culturels inspirants<\/strong>\u00a0<\/p>\n\n\n\n<p>\ud83d\udcc5 <strong>La p\u00e9riode d\u2019inscription officielle se d\u00e9roulera du dimanche 23 f\u00e9vrier \u00e0 midi au lundi 10 mars \u00e0 8 h.<\/strong> Toutes les infos sont disponibles sur la page <strong>Inscription au secondaire<\/strong> du CSSST.\u00a0<\/p>\n\n\n\n<p><strong>\ud83c\udfa5<\/strong><strong> EN VID\u00c9O | Une visite guid\u00e9e de l\u2019ESFL et de ses nouveaux programmes! <\/strong><strong>\ud83c\udfa8\ud83d\udd2c<\/strong>&nbsp;<\/p>\n\n\n\n<figure class=\"wp-block-embed is-type-video is-provider-youtube wp-block-embed-youtube wp-embed-aspect-16-9 wp-has-aspect-ratio\"><div class=\"wp-block-embed__wrapper\">\n<iframe loading=\"lazy\" title=\"Techno-science ou Artistique? Trouve ta passion \u00e0 l&#039;ESFL pour la rentr\u00e9e 2025!\" width=\"500\" height=\"281\" src=\"https:\/\/www.youtube.com\/embed\/BTvaUeIw8ck?feature=oembed\" frameborder=\"0\" allow=\"accelerometer; autoplay; clipboard-write; encrypted-media; gyroscope; picture-in-picture; web-share\" referrerpolicy=\"strict-origin-when-cross-origin\" allowfullscreen><\/iframe>\n<\/div><\/figure>\n","protected":false},"excerpt":{"rendered":"<p>Tu cherches un programme qui te passionne pour la rentr\u00e9e<\/p>\n","protected":false},"author":33,"featured_media":612,"comment_status":"closed","ping_status":"closed","sticky":false,"template":"","format":"standard","meta":{"_acf_changed":false,"inline_featured_image":false,"footnotes":""},"categories":[1],"tags":[],"class_list":["post-607","post","type-post","status-publish","format-standard","has-post-thumbnail","hentry","category-non-classe"],"acf":[],"yoast_head":"<!-- This site is optimized with the Yoast SEO plugin v27.4 - https:\/\/yoast.com\/product\/yoast-seo-wordpress\/ -->\n<title>Une visite guid\u00e9e de l\u2019ESFL et de ses nouveaux programmes! - \u00c9cole Secondaire Fernand-Lefebvre<\/title>\n<meta name=\"robots\" content=\"index, follow, max-snippet:-1, max-image-preview:large, max-video-preview:-1\" \/>\n<link rel=\"canonical\" href=\"https:\/\/cssst.gouv.qc.ca\/fernand-lefebvre\/2025\/02\/21\/une-visite-guidee-de-lesfl-et-de-ses-nouveaux-programmes\/\" \/>\n<meta property=\"og:locale\" content=\"fr_CA\" \/>\n<meta property=\"og:type\" content=\"article\" \/>\n<meta property=\"og:title\" content=\"Une visite guid\u00e9e de l\u2019ESFL et de ses nouveaux programmes! - \u00c9cole Secondaire Fernand-Lefebvre\" \/>\n<meta property=\"og:description\" content=\"Tu cherches un programme qui te passionne pour la rentr\u00e9e\" \/>\n<meta property=\"og:url\" content=\"https:\/\/cssst.gouv.qc.ca\/fernand-lefebvre\/2025\/02\/21\/une-visite-guidee-de-lesfl-et-de-ses-nouveaux-programmes\/\" \/>\n<meta property=\"og:site_name\" content=\"\u00c9cole Secondaire Fernand-Lefebvre\" \/>\n<meta property=\"article:publisher\" content=\"https:\/\/www.facebook.com\/cssoreltracy\/?locale=fr_CA\" \/>\n<meta property=\"article:published_time\" content=\"2025-02-21T19:24:06+00:00\" \/>\n<meta property=\"article:modified_time\" content=\"2025-02-21T19:58:08+00:00\" \/>\n<meta property=\"og:image\" content=\"http:\/\/cssst.gouv.qc.ca\/fernand-lefebvre\/wp-content\/uploads\/sites\/21\/2025\/02\/JFZ_7827-Avec-accentuation-Bruit-scaled.jpg\" \/>\n\t<meta property=\"og:image:width\" content=\"2560\" \/>\n\t<meta property=\"og:image:height\" content=\"1707\" \/>\n\t<meta property=\"og:image:type\" content=\"image\/jpeg\" \/>\n<meta name=\"author\" content=\"duboismel@cs-soreltracy.qc.ca\" \/>\n<meta name=\"twitter:card\" content=\"summary_large_image\" \/>\n<meta name=\"twitter:label1\" content=\"\u00c9crit par\" \/>\n\t<meta name=\"twitter:data1\" content=\"duboismel@cs-soreltracy.qc.ca\" \/>\n\t<meta name=\"twitter:label2\" content=\"Estimation du temps de lecture\" \/>\n\t<meta name=\"twitter:data2\" content=\"2 minutes\" \/>\n<script type=\"application\/ld+json\" class=\"yoast-schema-graph\">{\"@context\":\"https:\\\/\\\/schema.org\",\"@graph\":[{\"@type\":\"Article\",\"@id\":\"https:\\\/\\\/cssst.gouv.qc.ca\\\/fernand-lefebvre\\\/2025\\\/02\\\/21\\\/une-visite-guidee-de-lesfl-et-de-ses-nouveaux-programmes\\\/#article\",\"isPartOf\":{\"@id\":\"https:\\\/\\\/cssst.gouv.qc.ca\\\/fernand-lefebvre\\\/2025\\\/02\\\/21\\\/une-visite-guidee-de-lesfl-et-de-ses-nouveaux-programmes\\\/\"},\"author\":{\"name\":\"duboismel@cs-soreltracy.qc.ca\",\"@id\":\"https:\\\/\\\/cssst.gouv.qc.ca\\\/fernand-lefebvre\\\/#\\\/schema\\\/person\\\/d048c961ce9c42fc7b24d1d23c16da53\"},\"headline\":\"Une visite guid\u00e9e de l\u2019ESFL et de ses nouveaux programmes!\",\"datePublished\":\"2025-02-21T19:24:06+00:00\",\"dateModified\":\"2025-02-21T19:58:08+00:00\",\"mainEntityOfPage\":{\"@id\":\"https:\\\/\\\/cssst.gouv.qc.ca\\\/fernand-lefebvre\\\/2025\\\/02\\\/21\\\/une-visite-guidee-de-lesfl-et-de-ses-nouveaux-programmes\\\/\"},\"wordCount\":244,\"image\":{\"@id\":\"https:\\\/\\\/cssst.gouv.qc.ca\\\/fernand-lefebvre\\\/2025\\\/02\\\/21\\\/une-visite-guidee-de-lesfl-et-de-ses-nouveaux-programmes\\\/#primaryimage\"},\"thumbnailUrl\":\"https:\\\/\\\/cssst.gouv.qc.ca\\\/fernand-lefebvre\\\/wp-content\\\/uploads\\\/sites\\\/21\\\/2025\\\/02\\\/JFZ_7827-Avec-accentuation-Bruit-scaled.jpg\",\"inLanguage\":\"fr-CA\"},{\"@type\":\"WebPage\",\"@id\":\"https:\\\/\\\/cssst.gouv.qc.ca\\\/fernand-lefebvre\\\/2025\\\/02\\\/21\\\/une-visite-guidee-de-lesfl-et-de-ses-nouveaux-programmes\\\/\",\"url\":\"https:\\\/\\\/cssst.gouv.qc.ca\\\/fernand-lefebvre\\\/2025\\\/02\\\/21\\\/une-visite-guidee-de-lesfl-et-de-ses-nouveaux-programmes\\\/\",\"name\":\"Une visite guid\u00e9e de l\u2019ESFL et de ses nouveaux programmes! - \u00c9cole Secondaire Fernand-Lefebvre\",\"isPartOf\":{\"@id\":\"https:\\\/\\\/cssst.gouv.qc.ca\\\/fernand-lefebvre\\\/#website\"},\"primaryImageOfPage\":{\"@id\":\"https:\\\/\\\/cssst.gouv.qc.ca\\\/fernand-lefebvre\\\/2025\\\/02\\\/21\\\/une-visite-guidee-de-lesfl-et-de-ses-nouveaux-programmes\\\/#primaryimage\"},\"image\":{\"@id\":\"https:\\\/\\\/cssst.gouv.qc.ca\\\/fernand-lefebvre\\\/2025\\\/02\\\/21\\\/une-visite-guidee-de-lesfl-et-de-ses-nouveaux-programmes\\\/#primaryimage\"},\"thumbnailUrl\":\"https:\\\/\\\/cssst.gouv.qc.ca\\\/fernand-lefebvre\\\/wp-content\\\/uploads\\\/sites\\\/21\\\/2025\\\/02\\\/JFZ_7827-Avec-accentuation-Bruit-scaled.jpg\",\"datePublished\":\"2025-02-21T19:24:06+00:00\",\"dateModified\":\"2025-02-21T19:58:08+00:00\",\"author\":{\"@id\":\"https:\\\/\\\/cssst.gouv.qc.ca\\\/fernand-lefebvre\\\/#\\\/schema\\\/person\\\/d048c961ce9c42fc7b24d1d23c16da53\"},\"breadcrumb\":{\"@id\":\"https:\\\/\\\/cssst.gouv.qc.ca\\\/fernand-lefebvre\\\/2025\\\/02\\\/21\\\/une-visite-guidee-de-lesfl-et-de-ses-nouveaux-programmes\\\/#breadcrumb\"},\"inLanguage\":\"fr-CA\",\"potentialAction\":[{\"@type\":\"ReadAction\",\"target\":[\"https:\\\/\\\/cssst.gouv.qc.ca\\\/fernand-lefebvre\\\/2025\\\/02\\\/21\\\/une-visite-guidee-de-lesfl-et-de-ses-nouveaux-programmes\\\/\"]}]},{\"@type\":\"ImageObject\",\"inLanguage\":\"fr-CA\",\"@id\":\"https:\\\/\\\/cssst.gouv.qc.ca\\\/fernand-lefebvre\\\/2025\\\/02\\\/21\\\/une-visite-guidee-de-lesfl-et-de-ses-nouveaux-programmes\\\/#primaryimage\",\"url\":\"https:\\\/\\\/cssst.gouv.qc.ca\\\/fernand-lefebvre\\\/wp-content\\\/uploads\\\/sites\\\/21\\\/2025\\\/02\\\/JFZ_7827-Avec-accentuation-Bruit-scaled.jpg\",\"contentUrl\":\"https:\\\/\\\/cssst.gouv.qc.ca\\\/fernand-lefebvre\\\/wp-content\\\/uploads\\\/sites\\\/21\\\/2025\\\/02\\\/JFZ_7827-Avec-accentuation-Bruit-scaled.jpg\",\"width\":2560,\"height\":1707},{\"@type\":\"BreadcrumbList\",\"@id\":\"https:\\\/\\\/cssst.gouv.qc.ca\\\/fernand-lefebvre\\\/2025\\\/02\\\/21\\\/une-visite-guidee-de-lesfl-et-de-ses-nouveaux-programmes\\\/#breadcrumb\",\"itemListElement\":[{\"@type\":\"ListItem\",\"position\":1,\"name\":\"Accueil\",\"item\":\"https:\\\/\\\/cssst.gouv.qc.ca\\\/fernand-lefebvre\\\/\"},{\"@type\":\"ListItem\",\"position\":2,\"name\":\"Une visite guid\u00e9e de l\u2019ESFL et de ses nouveaux programmes!\"}]},{\"@type\":\"WebSite\",\"@id\":\"https:\\\/\\\/cssst.gouv.qc.ca\\\/fernand-lefebvre\\\/#website\",\"url\":\"https:\\\/\\\/cssst.gouv.qc.ca\\\/fernand-lefebvre\\\/\",\"name\":\"\u00c9cole Secondaire Fernand-Lefebvre\",\"description\":\"\",\"potentialAction\":[{\"@type\":\"SearchAction\",\"target\":{\"@type\":\"EntryPoint\",\"urlTemplate\":\"https:\\\/\\\/cssst.gouv.qc.ca\\\/fernand-lefebvre\\\/?s={search_term_string}\"},\"query-input\":{\"@type\":\"PropertyValueSpecification\",\"valueRequired\":true,\"valueName\":\"search_term_string\"}}],\"inLanguage\":\"fr-CA\"},{\"@type\":\"Person\",\"@id\":\"https:\\\/\\\/cssst.gouv.qc.ca\\\/fernand-lefebvre\\\/#\\\/schema\\\/person\\\/d048c961ce9c42fc7b24d1d23c16da53\",\"name\":\"duboismel@cs-soreltracy.qc.ca\",\"image\":{\"@type\":\"ImageObject\",\"inLanguage\":\"fr-CA\",\"@id\":\"https:\\\/\\\/secure.gravatar.com\\\/avatar\\\/a81246fbed34232adc92f25a36b2661e5f25a2839f75eab5a393fedf920db44b?s=96&d=mm&r=g\",\"url\":\"https:\\\/\\\/secure.gravatar.com\\\/avatar\\\/a81246fbed34232adc92f25a36b2661e5f25a2839f75eab5a393fedf920db44b?s=96&d=mm&r=g\",\"contentUrl\":\"https:\\\/\\\/secure.gravatar.com\\\/avatar\\\/a81246fbed34232adc92f25a36b2661e5f25a2839f75eab5a393fedf920db44b?s=96&d=mm&r=g\",\"caption\":\"duboismel@cs-soreltracy.qc.ca\"}}]}<\/script>\n<!-- \/ Yoast SEO plugin. -->","yoast_head_json":{"title":"Une visite guid\u00e9e de l\u2019ESFL et de ses nouveaux programmes! - \u00c9cole Secondaire Fernand-Lefebvre","robots":{"index":"index","follow":"follow","max-snippet":"max-snippet:-1","max-image-preview":"max-image-preview:large","max-video-preview":"max-video-preview:-1"},"canonical":"https:\/\/cssst.gouv.qc.ca\/fernand-lefebvre\/2025\/02\/21\/une-visite-guidee-de-lesfl-et-de-ses-nouveaux-programmes\/","og_locale":"fr_CA","og_type":"article","og_title":"Une visite guid\u00e9e de l\u2019ESFL et de ses nouveaux programmes! - \u00c9cole Secondaire Fernand-Lefebvre","og_description":"Tu cherches un programme qui te passionne pour la rentr\u00e9e","og_url":"https:\/\/cssst.gouv.qc.ca\/fernand-lefebvre\/2025\/02\/21\/une-visite-guidee-de-lesfl-et-de-ses-nouveaux-programmes\/","og_site_name":"\u00c9cole Secondaire Fernand-Lefebvre","article_publisher":"https:\/\/www.facebook.com\/cssoreltracy\/?locale=fr_CA","article_published_time":"2025-02-21T19:24:06+00:00","article_modified_time":"2025-02-21T19:58:08+00:00","og_image":[{"width":2560,"height":1707,"url":"http:\/\/cssst.gouv.qc.ca\/fernand-lefebvre\/wp-content\/uploads\/sites\/21\/2025\/02\/JFZ_7827-Avec-accentuation-Bruit-scaled.jpg","type":"image\/jpeg"}],"author":"duboismel@cs-soreltracy.qc.ca","twitter_card":"summary_large_image","twitter_misc":{"\u00c9crit par":"duboismel@cs-soreltracy.qc.ca","Estimation du temps de lecture":"2 minutes"},"schema":{"@context":"https:\/\/schema.org","@graph":[{"@type":"Article","@id":"https:\/\/cssst.gouv.qc.ca\/fernand-lefebvre\/2025\/02\/21\/une-visite-guidee-de-lesfl-et-de-ses-nouveaux-programmes\/#article","isPartOf":{"@id":"https:\/\/cssst.gouv.qc.ca\/fernand-lefebvre\/2025\/02\/21\/une-visite-guidee-de-lesfl-et-de-ses-nouveaux-programmes\/"},"author":{"name":"duboismel@cs-soreltracy.qc.ca","@id":"https:\/\/cssst.gouv.qc.ca\/fernand-lefebvre\/#\/schema\/person\/d048c961ce9c42fc7b24d1d23c16da53"},"headline":"Une visite guid\u00e9e de l\u2019ESFL et de ses nouveaux programmes!","datePublished":"2025-02-21T19:24:06+00:00","dateModified":"2025-02-21T19:58:08+00:00","mainEntityOfPage":{"@id":"https:\/\/cssst.gouv.qc.ca\/fernand-lefebvre\/2025\/02\/21\/une-visite-guidee-de-lesfl-et-de-ses-nouveaux-programmes\/"},"wordCount":244,"image":{"@id":"https:\/\/cssst.gouv.qc.ca\/fernand-lefebvre\/2025\/02\/21\/une-visite-guidee-de-lesfl-et-de-ses-nouveaux-programmes\/#primaryimage"},"thumbnailUrl":"https:\/\/cssst.gouv.qc.ca\/fernand-lefebvre\/wp-content\/uploads\/sites\/21\/2025\/02\/JFZ_7827-Avec-accentuation-Bruit-scaled.jpg","inLanguage":"fr-CA"},{"@type":"WebPage","@id":"https:\/\/cssst.gouv.qc.ca\/fernand-lefebvre\/2025\/02\/21\/une-visite-guidee-de-lesfl-et-de-ses-nouveaux-programmes\/","url":"https:\/\/cssst.gouv.qc.ca\/fernand-lefebvre\/2025\/02\/21\/une-visite-guidee-de-lesfl-et-de-ses-nouveaux-programmes\/","name":"Une visite guid\u00e9e de l\u2019ESFL et de ses nouveaux programmes! - \u00c9cole Secondaire Fernand-Lefebvre","isPartOf":{"@id":"https:\/\/cssst.gouv.qc.ca\/fernand-lefebvre\/#website"},"primaryImageOfPage":{"@id":"https:\/\/cssst.gouv.qc.ca\/fernand-lefebvre\/2025\/02\/21\/une-visite-guidee-de-lesfl-et-de-ses-nouveaux-programmes\/#primaryimage"},"image":{"@id":"https:\/\/cssst.gouv.qc.ca\/fernand-lefebvre\/2025\/02\/21\/une-visite-guidee-de-lesfl-et-de-ses-nouveaux-programmes\/#primaryimage"},"thumbnailUrl":"https:\/\/cssst.gouv.qc.ca\/fernand-lefebvre\/wp-content\/uploads\/sites\/21\/2025\/02\/JFZ_7827-Avec-accentuation-Bruit-scaled.jpg","datePublished":"2025-02-21T19:24:06+00:00","dateModified":"2025-02-21T19:58:08+00:00","author":{"@id":"https:\/\/cssst.gouv.qc.ca\/fernand-lefebvre\/#\/schema\/person\/d048c961ce9c42fc7b24d1d23c16da53"},"breadcrumb":{"@id":"https:\/\/cssst.gouv.qc.ca\/fernand-lefebvre\/2025\/02\/21\/une-visite-guidee-de-lesfl-et-de-ses-nouveaux-programmes\/#breadcrumb"},"inLanguage":"fr-CA","potentialAction":[{"@type":"ReadAction","target":["https:\/\/cssst.gouv.qc.ca\/fernand-lefebvre\/2025\/02\/21\/une-visite-guidee-de-lesfl-et-de-ses-nouveaux-programmes\/"]}]},{"@type":"ImageObject","inLanguage":"fr-CA","@id":"https:\/\/cssst.gouv.qc.ca\/fernand-lefebvre\/2025\/02\/21\/une-visite-guidee-de-lesfl-et-de-ses-nouveaux-programmes\/#primaryimage","url":"https:\/\/cssst.gouv.qc.ca\/fernand-lefebvre\/wp-content\/uploads\/sites\/21\/2025\/02\/JFZ_7827-Avec-accentuation-Bruit-scaled.jpg","contentUrl":"https:\/\/cssst.gouv.qc.ca\/fernand-lefebvre\/wp-content\/uploads\/sites\/21\/2025\/02\/JFZ_7827-Avec-accentuation-Bruit-scaled.jpg","width":2560,"height":1707},{"@type":"BreadcrumbList","@id":"https:\/\/cssst.gouv.qc.ca\/fernand-lefebvre\/2025\/02\/21\/une-visite-guidee-de-lesfl-et-de-ses-nouveaux-programmes\/#breadcrumb","itemListElement":[{"@type":"ListItem","position":1,"name":"Accueil","item":"https:\/\/cssst.gouv.qc.ca\/fernand-lefebvre\/"},{"@type":"ListItem","position":2,"name":"Une visite guid\u00e9e de l\u2019ESFL et de ses nouveaux programmes!"}]},{"@type":"WebSite","@id":"https:\/\/cssst.gouv.qc.ca\/fernand-lefebvre\/#website","url":"https:\/\/cssst.gouv.qc.ca\/fernand-lefebvre\/","name":"\u00c9cole Secondaire Fernand-Lefebvre","description":"","potentialAction":[{"@type":"SearchAction","target":{"@type":"EntryPoint","urlTemplate":"https:\/\/cssst.gouv.qc.ca\/fernand-lefebvre\/?s={search_term_string}"},"query-input":{"@type":"PropertyValueSpecification","valueRequired":true,"valueName":"search_term_string"}}],"inLanguage":"fr-CA"},{"@type":"Person","@id":"https:\/\/cssst.gouv.qc.ca\/fernand-lefebvre\/#\/schema\/person\/d048c961ce9c42fc7b24d1d23c16da53","name":"duboismel@cs-soreltracy.qc.ca","image":{"@type":"ImageObject","inLanguage":"fr-CA","@id":"https:\/\/secure.gravatar.com\/avatar\/a81246fbed34232adc92f25a36b2661e5f25a2839f75eab5a393fedf920db44b?s=96&d=mm&r=g","url":"https:\/\/secure.gravatar.com\/avatar\/a81246fbed34232adc92f25a36b2661e5f25a2839f75eab5a393fedf920db44b?s=96&d=mm&r=g","contentUrl":"https:\/\/secure.gravatar.com\/avatar\/a81246fbed34232adc92f25a36b2661e5f25a2839f75eab5a393fedf920db44b?s=96&d=mm&r=g","caption":"duboismel@cs-soreltracy.qc.ca"}}]}},"_links":{"self":[{"href":"https:\/\/cssst.gouv.qc.ca\/fernand-lefebvre\/wp-json\/wp\/v2\/posts\/607","targetHints":{"allow":["GET"]}}],"collection":[{"href":"https:\/\/cssst.gouv.qc.ca\/fernand-lefebvre\/wp-json\/wp\/v2\/posts"}],"about":[{"href":"https:\/\/cssst.gouv.qc.ca\/fernand-lefebvre\/wp-json\/wp\/v2\/types\/post"}],"author":[{"embeddable":true,"href":"https:\/\/cssst.gouv.qc.ca\/fernand-lefebvre\/wp-json\/wp\/v2\/users\/33"}],"replies":[{"embeddable":true,"href":"https:\/\/cssst.gouv.qc.ca\/fernand-lefebvre\/wp-json\/wp\/v2\/comments?post=607"}],"version-history":[{"count":0,"href":"https:\/\/cssst.gouv.qc.ca\/fernand-lefebvre\/wp-json\/wp\/v2\/posts\/607\/revisions"}],"wp:featuredmedia":[{"embeddable":true,"href":"https:\/\/cssst.gouv.qc.ca\/fernand-lefebvre\/wp-json\/wp\/v2\/media\/612"}],"wp:attachment":[{"href":"https:\/\/cssst.gouv.qc.ca\/fernand-lefebvre\/wp-json\/wp\/v2\/media?parent=607"}],"wp:term":[{"taxonomy":"category","embeddable":true,"href":"https:\/\/cssst.gouv.qc.ca\/fernand-lefebvre\/wp-json\/wp\/v2\/categories?post=607"},{"taxonomy":"post_tag","embeddable":true,"href":"https:\/\/cssst.gouv.qc.ca\/fernand-lefebvre\/wp-json\/wp\/v2\/tags?post=607"}],"curies":[{"name":"wp","href":"https:\/\/api.w.org\/{rel}","templated":true}]}}