{"id":594,"date":"2025-02-11T15:27:25","date_gmt":"2025-02-11T20:27:25","guid":{"rendered":"https:\/\/cssst.gouv.qc.ca\/fernand-lefebvre\/?p=594"},"modified":"2025-02-11T15:30:05","modified_gmt":"2025-02-11T20:30:05","slug":"lecole-secondaire-fernand-lefebvre-felicite-les-grands-gagnants-de-lexpo-sciences-locale","status":"publish","type":"post","link":"https:\/\/cssst.gouv.qc.ca\/fernand-lefebvre\/2025\/02\/11\/lecole-secondaire-fernand-lefebvre-felicite-les-grands-gagnants-de-lexpo-sciences-locale\/","title":{"rendered":"Expo-sciences \u00e0 l&rsquo;ESFL !"},"content":{"rendered":"\n\n<p class=\"act-lead\">L\u2019\u00c9COLE SECONDAIRE FERNAND-LEFEBVRE F\u00c9LICITE LES GRANDS GAGNANTS DE L\u2019EXPO-SCIENCES LOCALE !<\/p>\n\n\n\n\n<figure class=\"wp-block-image size-large\"><img loading=\"lazy\" decoding=\"async\" width=\"1024\" height=\"445\" src=\"http:\/\/cssst.gouv.qc.ca\/fernand-lefebvre\/wp-content\/uploads\/sites\/21\/2025\/02\/gagnantsFL-1024x445.jpg\" alt=\"\" class=\"wp-image-593\" srcset=\"https:\/\/cssst.gouv.qc.ca\/fernand-lefebvre\/wp-content\/uploads\/sites\/21\/2025\/02\/gagnantsFL-1024x445.jpg 1024w, https:\/\/cssst.gouv.qc.ca\/fernand-lefebvre\/wp-content\/uploads\/sites\/21\/2025\/02\/gagnantsFL-300x130.jpg 300w, https:\/\/cssst.gouv.qc.ca\/fernand-lefebvre\/wp-content\/uploads\/sites\/21\/2025\/02\/gagnantsFL-768x334.jpg 768w, https:\/\/cssst.gouv.qc.ca\/fernand-lefebvre\/wp-content\/uploads\/sites\/21\/2025\/02\/gagnantsFL.jpg 1079w\" sizes=\"auto, (max-width: 1024px) 100vw, 1024px\" \/><\/figure>\n\n\n\n\n\n<p>\u00ab Le rein bioartificiel \u00bb de Oc\u00e9ane Lejour et Kenza Mbassi<\/p>\n\n\n\n<p>\u00ab La force invisible de l\u2019Univers \u00bb de Jacob Desaulniers et Alexis G\u00e9n\u00e9reux-Sauriol et<\/p>\n\n\n\n<p>\u00ab Drogue et alcool \u00bb de Laurianne Capistran<\/p>\n\n\n\n<p>\u00ab Les \u00e9lectroaimants \u00bb d\u2019Alexandre Lemieux-L\u00e9vesque et Malik Nadeau<\/p>\n\n\n\n<p>\u00ab Les strat\u00e9gies du marketing \u00bb de Caleb Malouin<\/p>\n\n\n\n<p>\u00ab L\u2019adr\u00e9naline \u00bb de Daryl Williams Negou<\/p>\n\n\n\n<p>Les gagnants repr\u00e9senteront l\u2019\u00c9cole secondaire Fernand-Lefebvre \u00e0 la finale r\u00e9gionale de la Mauricie, Centre-du-Qu\u00e9bec, qui se tiendra \u00e0 l\u2019Universit\u00e9 du Qu\u00e9bec \u00e0 Trois-Rivi\u00e8res, du 19 au 20 mars prochain.<\/p>\n\n\n\n<p>Ils se sont m\u00e9rit\u00e9s le prix \u00ab&nbsp;Excellence&nbsp;\u00bb, une bourse de 120$ et l\u2019\u00e9cole d\u00e9frayera les frais d\u2019inscription \u00e0 la finale r\u00e9gionale.<\/p>\n\n\n\n<p>Nous tenons \u00e0 f\u00e9liciter \u00e9galement tous les enseignants de sciences et les techniciennes en travaux pratiques qui ont fait de cet \u00e9v\u00e9nement un succ\u00e8s!<\/p>\n\n\n\n<div style=\"height:15px\" aria-hidden=\"true\" class=\"wp-block-spacer\"><\/div>\n\n\n\n<p><strong>Sophie Vigneault<\/strong><\/p>\n\n\n\n<p><strong>Directrice du programme techno-sciences de l\u2019\u00e9cole secondaire Fernand-Lefebvre<\/strong><\/p>\n\n\n\n<p><\/p>\n","protected":false},"excerpt":{"rendered":"<p>L\u2019\u00c9COLE SECONDAIRE FERNAND-LEFEBVRE F\u00c9LICITE LES GRANDS GAGNANTS DE L\u2019EXPO-SCIENCES LOCALE !<\/p>\n","protected":false},"author":33,"featured_media":595,"comment_status":"closed","ping_status":"closed","sticky":false,"template":"","format":"standard","meta":{"_acf_changed":false,"inline_featured_image":false,"footnotes":""},"categories":[1],"tags":[],"class_list":["post-594","post","type-post","status-publish","format-standard","has-post-thumbnail","hentry","category-non-classe"],"acf":[],"yoast_head":"<!-- This site is optimized with the Yoast SEO plugin v27.5 - https:\/\/yoast.com\/product\/yoast-seo-wordpress\/ -->\n<title>Expo-sciences \u00e0 l&#039;ESFL ! - \u00c9cole Secondaire Fernand-Lefebvre<\/title>\n<meta name=\"robots\" content=\"index, follow, max-snippet:-1, max-image-preview:large, max-video-preview:-1\" \/>\n<link rel=\"canonical\" href=\"https:\/\/cssst.gouv.qc.ca\/fernand-lefebvre\/2025\/02\/11\/lecole-secondaire-fernand-lefebvre-felicite-les-grands-gagnants-de-lexpo-sciences-locale\/\" \/>\n<meta property=\"og:locale\" content=\"fr_CA\" \/>\n<meta property=\"og:type\" content=\"article\" \/>\n<meta property=\"og:title\" content=\"Expo-sciences \u00e0 l&#039;ESFL ! - \u00c9cole Secondaire Fernand-Lefebvre\" \/>\n<meta property=\"og:description\" content=\"L\u2019\u00c9COLE SECONDAIRE FERNAND-LEFEBVRE F\u00c9LICITE LES GRANDS GAGNANTS DE L\u2019EXPO-SCIENCES LOCALE !\" \/>\n<meta property=\"og:url\" content=\"https:\/\/cssst.gouv.qc.ca\/fernand-lefebvre\/2025\/02\/11\/lecole-secondaire-fernand-lefebvre-felicite-les-grands-gagnants-de-lexpo-sciences-locale\/\" \/>\n<meta property=\"og:site_name\" content=\"\u00c9cole Secondaire Fernand-Lefebvre\" \/>\n<meta property=\"article:publisher\" content=\"https:\/\/www.facebook.com\/cssoreltracy\/?locale=fr_CA\" \/>\n<meta property=\"article:published_time\" content=\"2025-02-11T20:27:25+00:00\" \/>\n<meta property=\"article:modified_time\" content=\"2025-02-11T20:30:05+00:00\" \/>\n<meta property=\"og:image\" content=\"http:\/\/cssst.gouv.qc.ca\/fernand-lefebvre\/wp-content\/uploads\/sites\/21\/2025\/02\/Expo-sciences.png\" \/>\n\t<meta property=\"og:image:width\" content=\"135\" \/>\n\t<meta property=\"og:image:height\" content=\"103\" \/>\n\t<meta property=\"og:image:type\" content=\"image\/png\" \/>\n<meta name=\"author\" content=\"duboismel@cs-soreltracy.qc.ca\" \/>\n<meta name=\"twitter:card\" content=\"summary_large_image\" \/>\n<meta name=\"twitter:label1\" content=\"\u00c9crit par\" \/>\n\t<meta name=\"twitter:data1\" content=\"duboismel@cs-soreltracy.qc.ca\" \/>\n\t<meta name=\"twitter:label2\" content=\"Estimation du temps de lecture\" \/>\n\t<meta name=\"twitter:data2\" content=\"2 minutes\" \/>\n<script type=\"application\/ld+json\" class=\"yoast-schema-graph\">{\"@context\":\"https:\\\/\\\/schema.org\",\"@graph\":[{\"@type\":\"Article\",\"@id\":\"https:\\\/\\\/cssst.gouv.qc.ca\\\/fernand-lefebvre\\\/2025\\\/02\\\/11\\\/lecole-secondaire-fernand-lefebvre-felicite-les-grands-gagnants-de-lexpo-sciences-locale\\\/#article\",\"isPartOf\":{\"@id\":\"https:\\\/\\\/cssst.gouv.qc.ca\\\/fernand-lefebvre\\\/2025\\\/02\\\/11\\\/lecole-secondaire-fernand-lefebvre-felicite-les-grands-gagnants-de-lexpo-sciences-locale\\\/\"},\"author\":{\"name\":\"duboismel@cs-soreltracy.qc.ca\",\"@id\":\"https:\\\/\\\/cssst.gouv.qc.ca\\\/fernand-lefebvre\\\/#\\\/schema\\\/person\\\/d048c961ce9c42fc7b24d1d23c16da53\"},\"headline\":\"Expo-sciences \u00e0 l&rsquo;ESFL !\",\"datePublished\":\"2025-02-11T20:27:25+00:00\",\"dateModified\":\"2025-02-11T20:30:05+00:00\",\"mainEntityOfPage\":{\"@id\":\"https:\\\/\\\/cssst.gouv.qc.ca\\\/fernand-lefebvre\\\/2025\\\/02\\\/11\\\/lecole-secondaire-fernand-lefebvre-felicite-les-grands-gagnants-de-lexpo-sciences-locale\\\/\"},\"wordCount\":166,\"image\":{\"@id\":\"https:\\\/\\\/cssst.gouv.qc.ca\\\/fernand-lefebvre\\\/2025\\\/02\\\/11\\\/lecole-secondaire-fernand-lefebvre-felicite-les-grands-gagnants-de-lexpo-sciences-locale\\\/#primaryimage\"},\"thumbnailUrl\":\"https:\\\/\\\/cssst.gouv.qc.ca\\\/fernand-lefebvre\\\/wp-content\\\/uploads\\\/sites\\\/21\\\/2025\\\/02\\\/Expo-sciences.png\",\"inLanguage\":\"fr-CA\"},{\"@type\":\"WebPage\",\"@id\":\"https:\\\/\\\/cssst.gouv.qc.ca\\\/fernand-lefebvre\\\/2025\\\/02\\\/11\\\/lecole-secondaire-fernand-lefebvre-felicite-les-grands-gagnants-de-lexpo-sciences-locale\\\/\",\"url\":\"https:\\\/\\\/cssst.gouv.qc.ca\\\/fernand-lefebvre\\\/2025\\\/02\\\/11\\\/lecole-secondaire-fernand-lefebvre-felicite-les-grands-gagnants-de-lexpo-sciences-locale\\\/\",\"name\":\"Expo-sciences \u00e0 l'ESFL ! - \u00c9cole Secondaire Fernand-Lefebvre\",\"isPartOf\":{\"@id\":\"https:\\\/\\\/cssst.gouv.qc.ca\\\/fernand-lefebvre\\\/#website\"},\"primaryImageOfPage\":{\"@id\":\"https:\\\/\\\/cssst.gouv.qc.ca\\\/fernand-lefebvre\\\/2025\\\/02\\\/11\\\/lecole-secondaire-fernand-lefebvre-felicite-les-grands-gagnants-de-lexpo-sciences-locale\\\/#primaryimage\"},\"image\":{\"@id\":\"https:\\\/\\\/cssst.gouv.qc.ca\\\/fernand-lefebvre\\\/2025\\\/02\\\/11\\\/lecole-secondaire-fernand-lefebvre-felicite-les-grands-gagnants-de-lexpo-sciences-locale\\\/#primaryimage\"},\"thumbnailUrl\":\"https:\\\/\\\/cssst.gouv.qc.ca\\\/fernand-lefebvre\\\/wp-content\\\/uploads\\\/sites\\\/21\\\/2025\\\/02\\\/Expo-sciences.png\",\"datePublished\":\"2025-02-11T20:27:25+00:00\",\"dateModified\":\"2025-02-11T20:30:05+00:00\",\"author\":{\"@id\":\"https:\\\/\\\/cssst.gouv.qc.ca\\\/fernand-lefebvre\\\/#\\\/schema\\\/person\\\/d048c961ce9c42fc7b24d1d23c16da53\"},\"breadcrumb\":{\"@id\":\"https:\\\/\\\/cssst.gouv.qc.ca\\\/fernand-lefebvre\\\/2025\\\/02\\\/11\\\/lecole-secondaire-fernand-lefebvre-felicite-les-grands-gagnants-de-lexpo-sciences-locale\\\/#breadcrumb\"},\"inLanguage\":\"fr-CA\",\"potentialAction\":[{\"@type\":\"ReadAction\",\"target\":[\"https:\\\/\\\/cssst.gouv.qc.ca\\\/fernand-lefebvre\\\/2025\\\/02\\\/11\\\/lecole-secondaire-fernand-lefebvre-felicite-les-grands-gagnants-de-lexpo-sciences-locale\\\/\"]}]},{\"@type\":\"ImageObject\",\"inLanguage\":\"fr-CA\",\"@id\":\"https:\\\/\\\/cssst.gouv.qc.ca\\\/fernand-lefebvre\\\/2025\\\/02\\\/11\\\/lecole-secondaire-fernand-lefebvre-felicite-les-grands-gagnants-de-lexpo-sciences-locale\\\/#primaryimage\",\"url\":\"https:\\\/\\\/cssst.gouv.qc.ca\\\/fernand-lefebvre\\\/wp-content\\\/uploads\\\/sites\\\/21\\\/2025\\\/02\\\/Expo-sciences.png\",\"contentUrl\":\"https:\\\/\\\/cssst.gouv.qc.ca\\\/fernand-lefebvre\\\/wp-content\\\/uploads\\\/sites\\\/21\\\/2025\\\/02\\\/Expo-sciences.png\",\"width\":135,\"height\":103},{\"@type\":\"BreadcrumbList\",\"@id\":\"https:\\\/\\\/cssst.gouv.qc.ca\\\/fernand-lefebvre\\\/2025\\\/02\\\/11\\\/lecole-secondaire-fernand-lefebvre-felicite-les-grands-gagnants-de-lexpo-sciences-locale\\\/#breadcrumb\",\"itemListElement\":[{\"@type\":\"ListItem\",\"position\":1,\"name\":\"Accueil\",\"item\":\"https:\\\/\\\/cssst.gouv.qc.ca\\\/fernand-lefebvre\\\/\"},{\"@type\":\"ListItem\",\"position\":2,\"name\":\"Expo-sciences \u00e0 l&rsquo;ESFL !\"}]},{\"@type\":\"WebSite\",\"@id\":\"https:\\\/\\\/cssst.gouv.qc.ca\\\/fernand-lefebvre\\\/#website\",\"url\":\"https:\\\/\\\/cssst.gouv.qc.ca\\\/fernand-lefebvre\\\/\",\"name\":\"\u00c9cole Secondaire Fernand-Lefebvre\",\"description\":\"\",\"potentialAction\":[{\"@type\":\"SearchAction\",\"target\":{\"@type\":\"EntryPoint\",\"urlTemplate\":\"https:\\\/\\\/cssst.gouv.qc.ca\\\/fernand-lefebvre\\\/?s={search_term_string}\"},\"query-input\":{\"@type\":\"PropertyValueSpecification\",\"valueRequired\":true,\"valueName\":\"search_term_string\"}}],\"inLanguage\":\"fr-CA\"},{\"@type\":\"Person\",\"@id\":\"https:\\\/\\\/cssst.gouv.qc.ca\\\/fernand-lefebvre\\\/#\\\/schema\\\/person\\\/d048c961ce9c42fc7b24d1d23c16da53\",\"name\":\"duboismel@cs-soreltracy.qc.ca\",\"image\":{\"@type\":\"ImageObject\",\"inLanguage\":\"fr-CA\",\"@id\":\"https:\\\/\\\/secure.gravatar.com\\\/avatar\\\/a81246fbed34232adc92f25a36b2661e5f25a2839f75eab5a393fedf920db44b?s=96&d=mm&r=g\",\"url\":\"https:\\\/\\\/secure.gravatar.com\\\/avatar\\\/a81246fbed34232adc92f25a36b2661e5f25a2839f75eab5a393fedf920db44b?s=96&d=mm&r=g\",\"contentUrl\":\"https:\\\/\\\/secure.gravatar.com\\\/avatar\\\/a81246fbed34232adc92f25a36b2661e5f25a2839f75eab5a393fedf920db44b?s=96&d=mm&r=g\",\"caption\":\"duboismel@cs-soreltracy.qc.ca\"}}]}<\/script>\n<!-- \/ Yoast SEO plugin. -->","yoast_head_json":{"title":"Expo-sciences \u00e0 l'ESFL ! - \u00c9cole Secondaire Fernand-Lefebvre","robots":{"index":"index","follow":"follow","max-snippet":"max-snippet:-1","max-image-preview":"max-image-preview:large","max-video-preview":"max-video-preview:-1"},"canonical":"https:\/\/cssst.gouv.qc.ca\/fernand-lefebvre\/2025\/02\/11\/lecole-secondaire-fernand-lefebvre-felicite-les-grands-gagnants-de-lexpo-sciences-locale\/","og_locale":"fr_CA","og_type":"article","og_title":"Expo-sciences \u00e0 l'ESFL ! - \u00c9cole Secondaire Fernand-Lefebvre","og_description":"L\u2019\u00c9COLE SECONDAIRE FERNAND-LEFEBVRE F\u00c9LICITE LES GRANDS GAGNANTS DE L\u2019EXPO-SCIENCES LOCALE !","og_url":"https:\/\/cssst.gouv.qc.ca\/fernand-lefebvre\/2025\/02\/11\/lecole-secondaire-fernand-lefebvre-felicite-les-grands-gagnants-de-lexpo-sciences-locale\/","og_site_name":"\u00c9cole Secondaire Fernand-Lefebvre","article_publisher":"https:\/\/www.facebook.com\/cssoreltracy\/?locale=fr_CA","article_published_time":"2025-02-11T20:27:25+00:00","article_modified_time":"2025-02-11T20:30:05+00:00","og_image":[{"width":135,"height":103,"url":"http:\/\/cssst.gouv.qc.ca\/fernand-lefebvre\/wp-content\/uploads\/sites\/21\/2025\/02\/Expo-sciences.png","type":"image\/png"}],"author":"duboismel@cs-soreltracy.qc.ca","twitter_card":"summary_large_image","twitter_misc":{"\u00c9crit par":"duboismel@cs-soreltracy.qc.ca","Estimation du temps de lecture":"2 minutes"},"schema":{"@context":"https:\/\/schema.org","@graph":[{"@type":"Article","@id":"https:\/\/cssst.gouv.qc.ca\/fernand-lefebvre\/2025\/02\/11\/lecole-secondaire-fernand-lefebvre-felicite-les-grands-gagnants-de-lexpo-sciences-locale\/#article","isPartOf":{"@id":"https:\/\/cssst.gouv.qc.ca\/fernand-lefebvre\/2025\/02\/11\/lecole-secondaire-fernand-lefebvre-felicite-les-grands-gagnants-de-lexpo-sciences-locale\/"},"author":{"name":"duboismel@cs-soreltracy.qc.ca","@id":"https:\/\/cssst.gouv.qc.ca\/fernand-lefebvre\/#\/schema\/person\/d048c961ce9c42fc7b24d1d23c16da53"},"headline":"Expo-sciences \u00e0 l&rsquo;ESFL !","datePublished":"2025-02-11T20:27:25+00:00","dateModified":"2025-02-11T20:30:05+00:00","mainEntityOfPage":{"@id":"https:\/\/cssst.gouv.qc.ca\/fernand-lefebvre\/2025\/02\/11\/lecole-secondaire-fernand-lefebvre-felicite-les-grands-gagnants-de-lexpo-sciences-locale\/"},"wordCount":166,"image":{"@id":"https:\/\/cssst.gouv.qc.ca\/fernand-lefebvre\/2025\/02\/11\/lecole-secondaire-fernand-lefebvre-felicite-les-grands-gagnants-de-lexpo-sciences-locale\/#primaryimage"},"thumbnailUrl":"https:\/\/cssst.gouv.qc.ca\/fernand-lefebvre\/wp-content\/uploads\/sites\/21\/2025\/02\/Expo-sciences.png","inLanguage":"fr-CA"},{"@type":"WebPage","@id":"https:\/\/cssst.gouv.qc.ca\/fernand-lefebvre\/2025\/02\/11\/lecole-secondaire-fernand-lefebvre-felicite-les-grands-gagnants-de-lexpo-sciences-locale\/","url":"https:\/\/cssst.gouv.qc.ca\/fernand-lefebvre\/2025\/02\/11\/lecole-secondaire-fernand-lefebvre-felicite-les-grands-gagnants-de-lexpo-sciences-locale\/","name":"Expo-sciences \u00e0 l'ESFL ! - \u00c9cole Secondaire Fernand-Lefebvre","isPartOf":{"@id":"https:\/\/cssst.gouv.qc.ca\/fernand-lefebvre\/#website"},"primaryImageOfPage":{"@id":"https:\/\/cssst.gouv.qc.ca\/fernand-lefebvre\/2025\/02\/11\/lecole-secondaire-fernand-lefebvre-felicite-les-grands-gagnants-de-lexpo-sciences-locale\/#primaryimage"},"image":{"@id":"https:\/\/cssst.gouv.qc.ca\/fernand-lefebvre\/2025\/02\/11\/lecole-secondaire-fernand-lefebvre-felicite-les-grands-gagnants-de-lexpo-sciences-locale\/#primaryimage"},"thumbnailUrl":"https:\/\/cssst.gouv.qc.ca\/fernand-lefebvre\/wp-content\/uploads\/sites\/21\/2025\/02\/Expo-sciences.png","datePublished":"2025-02-11T20:27:25+00:00","dateModified":"2025-02-11T20:30:05+00:00","author":{"@id":"https:\/\/cssst.gouv.qc.ca\/fernand-lefebvre\/#\/schema\/person\/d048c961ce9c42fc7b24d1d23c16da53"},"breadcrumb":{"@id":"https:\/\/cssst.gouv.qc.ca\/fernand-lefebvre\/2025\/02\/11\/lecole-secondaire-fernand-lefebvre-felicite-les-grands-gagnants-de-lexpo-sciences-locale\/#breadcrumb"},"inLanguage":"fr-CA","potentialAction":[{"@type":"ReadAction","target":["https:\/\/cssst.gouv.qc.ca\/fernand-lefebvre\/2025\/02\/11\/lecole-secondaire-fernand-lefebvre-felicite-les-grands-gagnants-de-lexpo-sciences-locale\/"]}]},{"@type":"ImageObject","inLanguage":"fr-CA","@id":"https:\/\/cssst.gouv.qc.ca\/fernand-lefebvre\/2025\/02\/11\/lecole-secondaire-fernand-lefebvre-felicite-les-grands-gagnants-de-lexpo-sciences-locale\/#primaryimage","url":"https:\/\/cssst.gouv.qc.ca\/fernand-lefebvre\/wp-content\/uploads\/sites\/21\/2025\/02\/Expo-sciences.png","contentUrl":"https:\/\/cssst.gouv.qc.ca\/fernand-lefebvre\/wp-content\/uploads\/sites\/21\/2025\/02\/Expo-sciences.png","width":135,"height":103},{"@type":"BreadcrumbList","@id":"https:\/\/cssst.gouv.qc.ca\/fernand-lefebvre\/2025\/02\/11\/lecole-secondaire-fernand-lefebvre-felicite-les-grands-gagnants-de-lexpo-sciences-locale\/#breadcrumb","itemListElement":[{"@type":"ListItem","position":1,"name":"Accueil","item":"https:\/\/cssst.gouv.qc.ca\/fernand-lefebvre\/"},{"@type":"ListItem","position":2,"name":"Expo-sciences \u00e0 l&rsquo;ESFL !"}]},{"@type":"WebSite","@id":"https:\/\/cssst.gouv.qc.ca\/fernand-lefebvre\/#website","url":"https:\/\/cssst.gouv.qc.ca\/fernand-lefebvre\/","name":"\u00c9cole Secondaire Fernand-Lefebvre","description":"","potentialAction":[{"@type":"SearchAction","target":{"@type":"EntryPoint","urlTemplate":"https:\/\/cssst.gouv.qc.ca\/fernand-lefebvre\/?s={search_term_string}"},"query-input":{"@type":"PropertyValueSpecification","valueRequired":true,"valueName":"search_term_string"}}],"inLanguage":"fr-CA"},{"@type":"Person","@id":"https:\/\/cssst.gouv.qc.ca\/fernand-lefebvre\/#\/schema\/person\/d048c961ce9c42fc7b24d1d23c16da53","name":"duboismel@cs-soreltracy.qc.ca","image":{"@type":"ImageObject","inLanguage":"fr-CA","@id":"https:\/\/secure.gravatar.com\/avatar\/a81246fbed34232adc92f25a36b2661e5f25a2839f75eab5a393fedf920db44b?s=96&d=mm&r=g","url":"https:\/\/secure.gravatar.com\/avatar\/a81246fbed34232adc92f25a36b2661e5f25a2839f75eab5a393fedf920db44b?s=96&d=mm&r=g","contentUrl":"https:\/\/secure.gravatar.com\/avatar\/a81246fbed34232adc92f25a36b2661e5f25a2839f75eab5a393fedf920db44b?s=96&d=mm&r=g","caption":"duboismel@cs-soreltracy.qc.ca"}}]}},"_links":{"self":[{"href":"https:\/\/cssst.gouv.qc.ca\/fernand-lefebvre\/wp-json\/wp\/v2\/posts\/594","targetHints":{"allow":["GET"]}}],"collection":[{"href":"https:\/\/cssst.gouv.qc.ca\/fernand-lefebvre\/wp-json\/wp\/v2\/posts"}],"about":[{"href":"https:\/\/cssst.gouv.qc.ca\/fernand-lefebvre\/wp-json\/wp\/v2\/types\/post"}],"author":[{"embeddable":true,"href":"https:\/\/cssst.gouv.qc.ca\/fernand-lefebvre\/wp-json\/wp\/v2\/users\/33"}],"replies":[{"embeddable":true,"href":"https:\/\/cssst.gouv.qc.ca\/fernand-lefebvre\/wp-json\/wp\/v2\/comments?post=594"}],"version-history":[{"count":0,"href":"https:\/\/cssst.gouv.qc.ca\/fernand-lefebvre\/wp-json\/wp\/v2\/posts\/594\/revisions"}],"wp:featuredmedia":[{"embeddable":true,"href":"https:\/\/cssst.gouv.qc.ca\/fernand-lefebvre\/wp-json\/wp\/v2\/media\/595"}],"wp:attachment":[{"href":"https:\/\/cssst.gouv.qc.ca\/fernand-lefebvre\/wp-json\/wp\/v2\/media?parent=594"}],"wp:term":[{"taxonomy":"category","embeddable":true,"href":"https:\/\/cssst.gouv.qc.ca\/fernand-lefebvre\/wp-json\/wp\/v2\/categories?post=594"},{"taxonomy":"post_tag","embeddable":true,"href":"https:\/\/cssst.gouv.qc.ca\/fernand-lefebvre\/wp-json\/wp\/v2\/tags?post=594"}],"curies":[{"name":"wp","href":"https:\/\/api.w.org\/{rel}","templated":true}]}}